{"id":1507,"date":"2022-03-22T11:25:19","date_gmt":"2022-03-22T10:25:19","guid":{"rendered":"https:\/\/www.aspronis.com\/el-sector-de-la-discapacitat-diu-prou\/"},"modified":"2022-10-26T11:56:20","modified_gmt":"2022-10-26T09:56:20","slug":"el-sector-de-la-discapacidad-dice-basta","status":"publish","type":"post","link":"https:\/\/www.aspronis.com\/es\/el-sector-de-la-discapacidad-dice-basta\/","title":{"rendered":"El sector de la discapacidad dice \u00a1BASTA!"},"content":{"rendered":"\r\n<div class=\"gdlr-blog-content\">\r\n<div class=\"gdlr-blog-content\">\r\n<p><strong>Denunciamos con un art\u00edculo en el diario La Vanguardia los 12 a\u00f1os de recortes econ\u00f3micos y en derechos de los colectivos<\/strong><\/p>\r\n<p>Este domingo, en La Vanguardia, 34 gerentes y directores generales de entidades asociadas a Dincat, entre ellos Francesc Dur\u00e0, director general de la Fundaci\u00f3n ASPRONIS, publicaban <a href=\"https:\/\/dincat.us2.list- manage.com\/track\/click?u=7756d6e93f8b40672ba9f11e7&amp;id=09c3836b5b&amp;e=a95e6ef01e\">una tribuna de opini\u00f3n para denunciar la infrafinanciaci\u00f3n a las personas con discapacidad<\/a> que sufrimos los servicios de discapacidad . En la misma p\u00e1gina, acompa\u00f1ando a la tribuna, tambi\u00e9n se pod\u00eda leer el art\u00edculo<a href=\"https:\/\/dincat.us2.list-manage.com\/track\/click?u=7756d6e93f8b40672ba9f11e7&amp;id=fc63a4af07&amp;e =a95e6ef01e\"> del periodista Domingo Marchena denunciando las listas de espera<\/a> que sufre nuestro colectivo.<\/p>\r\n<p>Como ya hicimos antes de la pandemia, en la Fundaci\u00f3n ASPRONIS decimos lo suficiente: suficientemente recortes y bastante de menospreciar a las personas con discapacidad y sus derechos, sus familias y el personal que lo cuida diariamente e incansablemente.<\/p>\r\np&gt;\r\n<p>Hace dos a\u00f1os ya habl\u00e1bamos de una d\u00e9cada perdida en derechos: el acceso al trabajo ya las ayudas que deber\u00edamos recibir por ley, el acceso a la vivienda, plazas residenciales, etc. En 12 a\u00f1os no s\u00f3lo no se han subido los m\u00f3dulos con los que la administraci\u00f3n financia los servicios sino que todo esto pasa por encima de las entidades con el incremento del coste de la vida y que se traduce en el decrecimiento de los derechos de las personas y en el perjuicio de la atenci\u00f3n de calidad que ofrecemos las entidades. La responsabilidad de todo ello recae en la gesti\u00f3n, ahoga la capacidad de inversiones \u2013siempre necesarias en nuestro sector- y en el esfuerzo de las plantillas que, por otra parte, han estado al pie del ca\u00f1\u00f3n en estos dos a\u00f1os de pandemia . Las entidades sociales hemos demostrado, m\u00e1s que nunca, que somos esenciales.<\/p>\r\n<p>Por todo ello, es necesario impulsar medidas urgentes para garantizar una financiaci\u00f3n adecuada que permita asegurar la viabilidad de las entidades, una atenci\u00f3n basada en la calidad y la excelencia, y unas buenas condiciones laborales para nuestros trabajadores .<\/p>\r\n<p>Necesitamos y exigimos un compromiso claro y firme del Gobierno del pa\u00eds para una financiaci\u00f3n justa para las entidades sociales de Catalu\u00f1a y que corresponde a las personas con discapacidad como personas de pleno derecho que son.<\/p>\r\n<h4><strong>#SomASPRONIS<\/strong>\u00a0<strong>#SomEssencials<\/strong><\/h4>\r\n<\/div>\r\n<\/div>\r\n","protected":false},"excerpt":{"rendered":"<p>Denunciamos con un art\u00edculo en el diario La Vanguardia los 12 a\u00f1os de recortes econ\u00f3micos y en derechos de los colectivos Este domingo, en La Vanguardia, 34 gerentes y directores generales de entidades asociadas a Dincat, entre ellos Francesc Dur\u00e0, director general de la Fundaci\u00f3n&#8230;<\/p>\n","protected":false},"author":2,"featured_media":888,"comment_status":"open","ping_status":"open","sticky":false,"template":"","format":"standard","meta":{"footnotes":""},"categories":[46],"tags":[],"class_list":["post-1507","post","type-post","status-publish","format-standard","has-post-thumbnail","hentry","category-colabora"],"yoast_head":"<!-- This site is optimized with the Yoast SEO plugin v26.8 - https:\/\/yoast.com\/product\/yoast-seo-wordpress\/ -->\n<title>El sector de la discapacidad dice \u00a1BASTA! - Aspronis<\/title>\n<meta name=\"robots\" content=\"index, follow, max-snippet:-1, max-image-preview:large, max-video-preview:-1\" \/>\n<link rel=\"canonical\" href=\"https:\/\/www.aspronis.com\/es\/el-sector-de-la-discapacidad-dice-basta\/\" \/>\n<meta property=\"og:locale\" content=\"es_ES\" \/>\n<meta property=\"og:type\" content=\"article\" \/>\n<meta property=\"og:title\" content=\"El sector de la discapacidad dice \u00a1BASTA! - Aspronis\" \/>\n<meta property=\"og:description\" content=\"Denunciamos con un art\u00edculo en el diario La Vanguardia los 12 a\u00f1os de recortes econ\u00f3micos y en derechos de los colectivos Este domingo, en La Vanguardia, 34 gerentes y directores generales de entidades asociadas a Dincat, entre ellos Francesc Dur\u00e0, director general de la Fundaci\u00f3n...\" \/>\n<meta property=\"og:url\" content=\"https:\/\/www.aspronis.com\/es\/el-sector-de-la-discapacidad-dice-basta\/\" \/>\n<meta property=\"og:site_name\" content=\"Aspronis\" \/>\n<meta property=\"article:published_time\" content=\"2022-03-22T10:25:19+00:00\" \/>\n<meta property=\"article:modified_time\" content=\"2022-10-26T09:56:20+00:00\" \/>\n<meta property=\"og:image\" content=\"https:\/\/www.aspronis.com\/wp-content\/uploads\/2022\/09\/article.jpg\" \/>\n\t<meta property=\"og:image:width\" content=\"1100\" \/>\n\t<meta property=\"og:image:height\" content=\"500\" \/>\n\t<meta property=\"og:image:type\" content=\"image\/jpeg\" \/>\n<meta name=\"author\" content=\"Eva\" \/>\n<meta name=\"twitter:card\" content=\"summary_large_image\" \/>\n<meta name=\"twitter:label1\" content=\"Escrito por\" \/>\n\t<meta name=\"twitter:data1\" content=\"Eva\" \/>\n\t<meta name=\"twitter:label2\" content=\"Tiempo de lectura\" \/>\n\t<meta name=\"twitter:data2\" content=\"2 minutos\" \/>\n<script type=\"application\/ld+json\" class=\"yoast-schema-graph\">{\"@context\":\"https:\/\/schema.org\",\"@graph\":[{\"@type\":\"Article\",\"@id\":\"https:\/\/www.aspronis.com\/es\/el-sector-de-la-discapacidad-dice-basta\/#article\",\"isPartOf\":{\"@id\":\"https:\/\/www.aspronis.com\/es\/el-sector-de-la-discapacidad-dice-basta\/\"},\"author\":{\"name\":\"Eva\",\"@id\":\"https:\/\/www.aspronis.com\/es\/#\/schema\/person\/81ffaa97ceebcc32f5801fae199a8959\"},\"headline\":\"El sector de la discapacidad dice \u00a1BASTA!\",\"datePublished\":\"2022-03-22T10:25:19+00:00\",\"dateModified\":\"2022-10-26T09:56:20+00:00\",\"mainEntityOfPage\":{\"@id\":\"https:\/\/www.aspronis.com\/es\/el-sector-de-la-discapacidad-dice-basta\/\"},\"wordCount\":392,\"commentCount\":0,\"image\":{\"@id\":\"https:\/\/www.aspronis.com\/es\/el-sector-de-la-discapacidad-dice-basta\/#primaryimage\"},\"thumbnailUrl\":\"https:\/\/www.aspronis.com\/wp-content\/uploads\/2022\/09\/article.jpg\",\"articleSection\":[\"COLABORA\"],\"inLanguage\":\"es\",\"potentialAction\":[{\"@type\":\"CommentAction\",\"name\":\"Comment\",\"target\":[\"https:\/\/www.aspronis.com\/es\/el-sector-de-la-discapacidad-dice-basta\/#respond\"]}]},{\"@type\":\"WebPage\",\"@id\":\"https:\/\/www.aspronis.com\/es\/el-sector-de-la-discapacidad-dice-basta\/\",\"url\":\"https:\/\/www.aspronis.com\/es\/el-sector-de-la-discapacidad-dice-basta\/\",\"name\":\"El sector de la discapacidad dice \u00a1BASTA! - Aspronis\",\"isPartOf\":{\"@id\":\"https:\/\/www.aspronis.com\/es\/#website\"},\"primaryImageOfPage\":{\"@id\":\"https:\/\/www.aspronis.com\/es\/el-sector-de-la-discapacidad-dice-basta\/#primaryimage\"},\"image\":{\"@id\":\"https:\/\/www.aspronis.com\/es\/el-sector-de-la-discapacidad-dice-basta\/#primaryimage\"},\"thumbnailUrl\":\"https:\/\/www.aspronis.com\/wp-content\/uploads\/2022\/09\/article.jpg\",\"datePublished\":\"2022-03-22T10:25:19+00:00\",\"dateModified\":\"2022-10-26T09:56:20+00:00\",\"author\":{\"@id\":\"https:\/\/www.aspronis.com\/es\/#\/schema\/person\/81ffaa97ceebcc32f5801fae199a8959\"},\"inLanguage\":\"es\",\"potentialAction\":[{\"@type\":\"ReadAction\",\"target\":[\"https:\/\/www.aspronis.com\/es\/el-sector-de-la-discapacidad-dice-basta\/\"]}]},{\"@type\":\"ImageObject\",\"inLanguage\":\"es\",\"@id\":\"https:\/\/www.aspronis.com\/es\/el-sector-de-la-discapacidad-dice-basta\/#primaryimage\",\"url\":\"https:\/\/www.aspronis.com\/wp-content\/uploads\/2022\/09\/article.jpg\",\"contentUrl\":\"https:\/\/www.aspronis.com\/wp-content\/uploads\/2022\/09\/article.jpg\",\"width\":1100,\"height\":500},{\"@type\":\"WebSite\",\"@id\":\"https:\/\/www.aspronis.com\/es\/#website\",\"url\":\"https:\/\/www.aspronis.com\/es\/\",\"name\":\"Aspronis\",\"description\":\"\",\"potentialAction\":[{\"@type\":\"SearchAction\",\"target\":{\"@type\":\"EntryPoint\",\"urlTemplate\":\"https:\/\/www.aspronis.com\/es\/?s={search_term_string}\"},\"query-input\":{\"@type\":\"PropertyValueSpecification\",\"valueRequired\":true,\"valueName\":\"search_term_string\"}}],\"inLanguage\":\"es\"},{\"@type\":\"Person\",\"@id\":\"https:\/\/www.aspronis.com\/es\/#\/schema\/person\/81ffaa97ceebcc32f5801fae199a8959\",\"name\":\"Eva\",\"image\":{\"@type\":\"ImageObject\",\"inLanguage\":\"es\",\"@id\":\"https:\/\/www.aspronis.com\/es\/#\/schema\/person\/image\/\",\"url\":\"https:\/\/secure.gravatar.com\/avatar\/4b51b2321cbc399db9686be479c229384c4170b69a4628de5667e2b7ea6c1951?s=96&d=mm&r=g\",\"contentUrl\":\"https:\/\/secure.gravatar.com\/avatar\/4b51b2321cbc399db9686be479c229384c4170b69a4628de5667e2b7ea6c1951?s=96&d=mm&r=g\",\"caption\":\"Eva\"},\"url\":\"https:\/\/www.aspronis.com\/es\/author\/eva\/\"}]}<\/script>\n<!-- \/ Yoast SEO plugin. -->","yoast_head_json":{"title":"El sector de la discapacidad dice \u00a1BASTA! - Aspronis","robots":{"index":"index","follow":"follow","max-snippet":"max-snippet:-1","max-image-preview":"max-image-preview:large","max-video-preview":"max-video-preview:-1"},"canonical":"https:\/\/www.aspronis.com\/es\/el-sector-de-la-discapacidad-dice-basta\/","og_locale":"es_ES","og_type":"article","og_title":"El sector de la discapacidad dice \u00a1BASTA! - Aspronis","og_description":"Denunciamos con un art\u00edculo en el diario La Vanguardia los 12 a\u00f1os de recortes econ\u00f3micos y en derechos de los colectivos Este domingo, en La Vanguardia, 34 gerentes y directores generales de entidades asociadas a Dincat, entre ellos Francesc Dur\u00e0, director general de la Fundaci\u00f3n...","og_url":"https:\/\/www.aspronis.com\/es\/el-sector-de-la-discapacidad-dice-basta\/","og_site_name":"Aspronis","article_published_time":"2022-03-22T10:25:19+00:00","article_modified_time":"2022-10-26T09:56:20+00:00","og_image":[{"width":1100,"height":500,"url":"https:\/\/www.aspronis.com\/wp-content\/uploads\/2022\/09\/article.jpg","type":"image\/jpeg"}],"author":"Eva","twitter_card":"summary_large_image","twitter_misc":{"Escrito por":"Eva","Tiempo de lectura":"2 minutos"},"schema":{"@context":"https:\/\/schema.org","@graph":[{"@type":"Article","@id":"https:\/\/www.aspronis.com\/es\/el-sector-de-la-discapacidad-dice-basta\/#article","isPartOf":{"@id":"https:\/\/www.aspronis.com\/es\/el-sector-de-la-discapacidad-dice-basta\/"},"author":{"name":"Eva","@id":"https:\/\/www.aspronis.com\/es\/#\/schema\/person\/81ffaa97ceebcc32f5801fae199a8959"},"headline":"El sector de la discapacidad dice \u00a1BASTA!","datePublished":"2022-03-22T10:25:19+00:00","dateModified":"2022-10-26T09:56:20+00:00","mainEntityOfPage":{"@id":"https:\/\/www.aspronis.com\/es\/el-sector-de-la-discapacidad-dice-basta\/"},"wordCount":392,"commentCount":0,"image":{"@id":"https:\/\/www.aspronis.com\/es\/el-sector-de-la-discapacidad-dice-basta\/#primaryimage"},"thumbnailUrl":"https:\/\/www.aspronis.com\/wp-content\/uploads\/2022\/09\/article.jpg","articleSection":["COLABORA"],"inLanguage":"es","potentialAction":[{"@type":"CommentAction","name":"Comment","target":["https:\/\/www.aspronis.com\/es\/el-sector-de-la-discapacidad-dice-basta\/#respond"]}]},{"@type":"WebPage","@id":"https:\/\/www.aspronis.com\/es\/el-sector-de-la-discapacidad-dice-basta\/","url":"https:\/\/www.aspronis.com\/es\/el-sector-de-la-discapacidad-dice-basta\/","name":"El sector de la discapacidad dice \u00a1BASTA! - Aspronis","isPartOf":{"@id":"https:\/\/www.aspronis.com\/es\/#website"},"primaryImageOfPage":{"@id":"https:\/\/www.aspronis.com\/es\/el-sector-de-la-discapacidad-dice-basta\/#primaryimage"},"image":{"@id":"https:\/\/www.aspronis.com\/es\/el-sector-de-la-discapacidad-dice-basta\/#primaryimage"},"thumbnailUrl":"https:\/\/www.aspronis.com\/wp-content\/uploads\/2022\/09\/article.jpg","datePublished":"2022-03-22T10:25:19+00:00","dateModified":"2022-10-26T09:56:20+00:00","author":{"@id":"https:\/\/www.aspronis.com\/es\/#\/schema\/person\/81ffaa97ceebcc32f5801fae199a8959"},"inLanguage":"es","potentialAction":[{"@type":"ReadAction","target":["https:\/\/www.aspronis.com\/es\/el-sector-de-la-discapacidad-dice-basta\/"]}]},{"@type":"ImageObject","inLanguage":"es","@id":"https:\/\/www.aspronis.com\/es\/el-sector-de-la-discapacidad-dice-basta\/#primaryimage","url":"https:\/\/www.aspronis.com\/wp-content\/uploads\/2022\/09\/article.jpg","contentUrl":"https:\/\/www.aspronis.com\/wp-content\/uploads\/2022\/09\/article.jpg","width":1100,"height":500},{"@type":"WebSite","@id":"https:\/\/www.aspronis.com\/es\/#website","url":"https:\/\/www.aspronis.com\/es\/","name":"Aspronis","description":"","potentialAction":[{"@type":"SearchAction","target":{"@type":"EntryPoint","urlTemplate":"https:\/\/www.aspronis.com\/es\/?s={search_term_string}"},"query-input":{"@type":"PropertyValueSpecification","valueRequired":true,"valueName":"search_term_string"}}],"inLanguage":"es"},{"@type":"Person","@id":"https:\/\/www.aspronis.com\/es\/#\/schema\/person\/81ffaa97ceebcc32f5801fae199a8959","name":"Eva","image":{"@type":"ImageObject","inLanguage":"es","@id":"https:\/\/www.aspronis.com\/es\/#\/schema\/person\/image\/","url":"https:\/\/secure.gravatar.com\/avatar\/4b51b2321cbc399db9686be479c229384c4170b69a4628de5667e2b7ea6c1951?s=96&d=mm&r=g","contentUrl":"https:\/\/secure.gravatar.com\/avatar\/4b51b2321cbc399db9686be479c229384c4170b69a4628de5667e2b7ea6c1951?s=96&d=mm&r=g","caption":"Eva"},"url":"https:\/\/www.aspronis.com\/es\/author\/eva\/"}]}},"_links":{"self":[{"href":"https:\/\/www.aspronis.com\/es\/wp-json\/wp\/v2\/posts\/1507","targetHints":{"allow":["GET"]}}],"collection":[{"href":"https:\/\/www.aspronis.com\/es\/wp-json\/wp\/v2\/posts"}],"about":[{"href":"https:\/\/www.aspronis.com\/es\/wp-json\/wp\/v2\/types\/post"}],"author":[{"embeddable":true,"href":"https:\/\/www.aspronis.com\/es\/wp-json\/wp\/v2\/users\/2"}],"replies":[{"embeddable":true,"href":"https:\/\/www.aspronis.com\/es\/wp-json\/wp\/v2\/comments?post=1507"}],"version-history":[{"count":1,"href":"https:\/\/www.aspronis.com\/es\/wp-json\/wp\/v2\/posts\/1507\/revisions"}],"predecessor-version":[{"id":1778,"href":"https:\/\/www.aspronis.com\/es\/wp-json\/wp\/v2\/posts\/1507\/revisions\/1778"}],"wp:featuredmedia":[{"embeddable":true,"href":"https:\/\/www.aspronis.com\/es\/wp-json\/wp\/v2\/media\/888"}],"wp:attachment":[{"href":"https:\/\/www.aspronis.com\/es\/wp-json\/wp\/v2\/media?parent=1507"}],"wp:term":[{"taxonomy":"category","embeddable":true,"href":"https:\/\/www.aspronis.com\/es\/wp-json\/wp\/v2\/categories?post=1507"},{"taxonomy":"post_tag","embeddable":true,"href":"https:\/\/www.aspronis.com\/es\/wp-json\/wp\/v2\/tags?post=1507"}],"curies":[{"name":"wp","href":"https:\/\/api.w.org\/{rel}","templated":true}]}}