{"id":1899,"date":"2022-11-21T09:55:47","date_gmt":"2022-11-21T08:55:47","guid":{"rendered":"https:\/\/www.aspronis.com\/concierto-solidario-de-fildegospel-a-favor-de-aspronis-al-teatro-de-blanes\/"},"modified":"2022-11-22T14:14:38","modified_gmt":"2022-11-22T13:14:38","slug":"concierto-solidario-de-fildegospel-a-favor-de-aspronis-al-teatro-de-blanes","status":"publish","type":"post","link":"https:\/\/www.aspronis.com\/es\/concierto-solidario-de-fildegospel-a-favor-de-aspronis-al-teatro-de-blanes\/","title":{"rendered":"<strong>Concierto solidario de FildeG\u00f2spel a favor de ASPRONIS en el Teatro de Blanes<\/strong>"},"content":{"rendered":"\n<p><strong><em>La recaudaci\u00f3n fue de 3.140\u20ac entre entradas vendidas y fila cero<\/em><\/strong><\/p>\n\n\n\n<p><\/p>\n\n\n\n<p>Ayer domingo, el grupo de Pineda de Mar FildeG\u00f3spel ofreci\u00f3 un concierto ben\u00e9fico a favor de la Fundaci\u00f3 ASPRONIS en el Teatro de Blanes lleno de emociones, y muy participativo con el p\u00fablico asistente, m\u00e1s de 300 personas que cantaron, bailaron y en algunos casos subieron al escenario para acompa\u00f1ar al grupo en una pieza musical al final del espect\u00e1culo. La actuaci\u00f3n cont\u00f3 con canciones cl\u00e1sicas del g\u00f3spel, cantos africanos e, incluso, mantras.<\/p>\n\n\n\n<p>Ha sido la primera vez que el grupo act\u00faa en Blanes y que traspasa los l\u00edmites de la provincia de Barcelona. FildeG\u00f3spel ha querido que la recaudaci\u00f3n de su actuaci\u00f3n se destine de manera \u00edntegra a la Fundaci\u00f3 ASPRONIS. Entre las 305 entradas vendidas y las donaciones como fila cero se ha conseguido una recaudaci\u00f3n de 3.140\u20ac que se destinar\u00e1 a ofrecer oportunidades de ocio cultural a personas con discapacidad intelectual o en situaci\u00f3n de vulnerabilidad.<\/p>\n\n\n\n<p>FildeG\u00f3spel es un coro compuesto por unos cuarenta coristas con 8 a\u00f1os de trayectoria art\u00edstica y dilatada experiencia en directos. Sus repertorios son originales y potentes adem\u00e1s de muy din\u00e1micos y participativos con el p\u00fablico. Tiene una puesta en escena que nunca deja indiferente. El grupo alterna diferentes variantes de la m\u00fasica G\u00f3spel, desde espirituales negros, pasando por el g\u00f3spel m\u00e1s tradicional, g\u00f3spel africano y g\u00f3spel m\u00e1s moderno. Una parte muy importante del repertorio son arreglos hechos por su director, Rub\u00e9n Espinosa, hecho que otorga a FildeG\u00f3spel un sonido muy personal y caracter\u00edstico.<\/p>\n","protected":false},"excerpt":{"rendered":"<p>La recaudaci\u00f3n fue de 3.140\u20ac entre entradas vendidas y fila cero Ayer domingo, el grupo de Pineda de Mar FildeG\u00f3spel ofreci\u00f3 un concierto ben\u00e9fico a favor de la Fundaci\u00f3 ASPRONIS en el Teatro de Blanes lleno de emociones, y muy participativo con el p\u00fablico asistente,&#8230;<\/p>\n","protected":false},"author":4,"featured_media":1897,"comment_status":"open","ping_status":"open","sticky":false,"template":"","format":"standard","meta":{"footnotes":""},"categories":[46],"tags":[63],"class_list":["post-1899","post","type-post","status-publish","format-standard","has-post-thumbnail","hentry","category-colabora","tag-solidaridad"],"yoast_head":"<!-- This site is optimized with the Yoast SEO plugin v26.8 - https:\/\/yoast.com\/product\/yoast-seo-wordpress\/ -->\n<title>Concierto solidario de FildeG\u00f2spel a favor de ASPRONIS en el Teatro de Blanes - Aspronis<\/title>\n<meta name=\"robots\" content=\"index, follow, max-snippet:-1, max-image-preview:large, max-video-preview:-1\" \/>\n<link rel=\"canonical\" href=\"https:\/\/www.aspronis.com\/es\/concierto-solidario-de-fildegospel-a-favor-de-aspronis-al-teatro-de-blanes\/\" \/>\n<meta property=\"og:locale\" content=\"es_ES\" \/>\n<meta property=\"og:type\" content=\"article\" \/>\n<meta property=\"og:title\" content=\"Concierto solidario de FildeG\u00f2spel a favor de ASPRONIS en el Teatro de Blanes - Aspronis\" \/>\n<meta property=\"og:description\" content=\"La recaudaci\u00f3n fue de 3.140\u20ac entre entradas vendidas y fila cero Ayer domingo, el grupo de Pineda de Mar FildeG\u00f3spel ofreci\u00f3 un concierto ben\u00e9fico a favor de la Fundaci\u00f3 ASPRONIS en el Teatro de Blanes lleno de emociones, y muy participativo con el p\u00fablico asistente,...\" \/>\n<meta property=\"og:url\" content=\"https:\/\/www.aspronis.com\/es\/concierto-solidario-de-fildegospel-a-favor-de-aspronis-al-teatro-de-blanes\/\" \/>\n<meta property=\"og:site_name\" content=\"Aspronis\" \/>\n<meta property=\"article:published_time\" content=\"2022-11-21T08:55:47+00:00\" \/>\n<meta property=\"article:modified_time\" content=\"2022-11-22T13:14:38+00:00\" \/>\n<meta property=\"og:image\" content=\"https:\/\/www.aspronis.com\/wp-content\/uploads\/2022\/11\/Noti.jpg\" \/>\n\t<meta property=\"og:image:width\" content=\"1100\" \/>\n\t<meta property=\"og:image:height\" content=\"500\" \/>\n\t<meta property=\"og:image:type\" content=\"image\/jpeg\" \/>\n<meta name=\"author\" content=\"lluis\" \/>\n<meta name=\"twitter:card\" content=\"summary_large_image\" \/>\n<meta name=\"twitter:label1\" content=\"Escrito por\" \/>\n\t<meta name=\"twitter:data1\" content=\"lluis\" \/>\n\t<meta name=\"twitter:label2\" content=\"Tiempo de lectura\" \/>\n\t<meta name=\"twitter:data2\" content=\"2 minutos\" \/>\n<script type=\"application\/ld+json\" class=\"yoast-schema-graph\">{\"@context\":\"https:\/\/schema.org\",\"@graph\":[{\"@type\":\"Article\",\"@id\":\"https:\/\/www.aspronis.com\/es\/concierto-solidario-de-fildegospel-a-favor-de-aspronis-al-teatro-de-blanes\/#article\",\"isPartOf\":{\"@id\":\"https:\/\/www.aspronis.com\/es\/concierto-solidario-de-fildegospel-a-favor-de-aspronis-al-teatro-de-blanes\/\"},\"author\":{\"name\":\"lluis\",\"@id\":\"https:\/\/www.aspronis.com\/es\/#\/schema\/person\/fdba581f9039e5f32fda627c71b23e33\"},\"headline\":\"Concierto solidario de FildeG\u00f2spel a favor de ASPRONIS en el Teatro de Blanes\",\"datePublished\":\"2022-11-21T08:55:47+00:00\",\"dateModified\":\"2022-11-22T13:14:38+00:00\",\"mainEntityOfPage\":{\"@id\":\"https:\/\/www.aspronis.com\/es\/concierto-solidario-de-fildegospel-a-favor-de-aspronis-al-teatro-de-blanes\/\"},\"wordCount\":295,\"commentCount\":0,\"image\":{\"@id\":\"https:\/\/www.aspronis.com\/es\/concierto-solidario-de-fildegospel-a-favor-de-aspronis-al-teatro-de-blanes\/#primaryimage\"},\"thumbnailUrl\":\"https:\/\/www.aspronis.com\/wp-content\/uploads\/2022\/11\/Noti.jpg\",\"keywords\":[\"Solidaridad\"],\"articleSection\":[\"COLABORA\"],\"inLanguage\":\"es\",\"potentialAction\":[{\"@type\":\"CommentAction\",\"name\":\"Comment\",\"target\":[\"https:\/\/www.aspronis.com\/es\/concierto-solidario-de-fildegospel-a-favor-de-aspronis-al-teatro-de-blanes\/#respond\"]}]},{\"@type\":\"WebPage\",\"@id\":\"https:\/\/www.aspronis.com\/es\/concierto-solidario-de-fildegospel-a-favor-de-aspronis-al-teatro-de-blanes\/\",\"url\":\"https:\/\/www.aspronis.com\/es\/concierto-solidario-de-fildegospel-a-favor-de-aspronis-al-teatro-de-blanes\/\",\"name\":\"Concierto solidario de FildeG\u00f2spel a favor de ASPRONIS en el Teatro de Blanes - Aspronis\",\"isPartOf\":{\"@id\":\"https:\/\/www.aspronis.com\/es\/#website\"},\"primaryImageOfPage\":{\"@id\":\"https:\/\/www.aspronis.com\/es\/concierto-solidario-de-fildegospel-a-favor-de-aspronis-al-teatro-de-blanes\/#primaryimage\"},\"image\":{\"@id\":\"https:\/\/www.aspronis.com\/es\/concierto-solidario-de-fildegospel-a-favor-de-aspronis-al-teatro-de-blanes\/#primaryimage\"},\"thumbnailUrl\":\"https:\/\/www.aspronis.com\/wp-content\/uploads\/2022\/11\/Noti.jpg\",\"datePublished\":\"2022-11-21T08:55:47+00:00\",\"dateModified\":\"2022-11-22T13:14:38+00:00\",\"author\":{\"@id\":\"https:\/\/www.aspronis.com\/es\/#\/schema\/person\/fdba581f9039e5f32fda627c71b23e33\"},\"inLanguage\":\"es\",\"potentialAction\":[{\"@type\":\"ReadAction\",\"target\":[\"https:\/\/www.aspronis.com\/es\/concierto-solidario-de-fildegospel-a-favor-de-aspronis-al-teatro-de-blanes\/\"]}]},{\"@type\":\"ImageObject\",\"inLanguage\":\"es\",\"@id\":\"https:\/\/www.aspronis.com\/es\/concierto-solidario-de-fildegospel-a-favor-de-aspronis-al-teatro-de-blanes\/#primaryimage\",\"url\":\"https:\/\/www.aspronis.com\/wp-content\/uploads\/2022\/11\/Noti.jpg\",\"contentUrl\":\"https:\/\/www.aspronis.com\/wp-content\/uploads\/2022\/11\/Noti.jpg\",\"width\":1100,\"height\":500},{\"@type\":\"WebSite\",\"@id\":\"https:\/\/www.aspronis.com\/es\/#website\",\"url\":\"https:\/\/www.aspronis.com\/es\/\",\"name\":\"Aspronis\",\"description\":\"\",\"potentialAction\":[{\"@type\":\"SearchAction\",\"target\":{\"@type\":\"EntryPoint\",\"urlTemplate\":\"https:\/\/www.aspronis.com\/es\/?s={search_term_string}\"},\"query-input\":{\"@type\":\"PropertyValueSpecification\",\"valueRequired\":true,\"valueName\":\"search_term_string\"}}],\"inLanguage\":\"es\"},{\"@type\":\"Person\",\"@id\":\"https:\/\/www.aspronis.com\/es\/#\/schema\/person\/fdba581f9039e5f32fda627c71b23e33\",\"name\":\"lluis\",\"image\":{\"@type\":\"ImageObject\",\"inLanguage\":\"es\",\"@id\":\"https:\/\/www.aspronis.com\/es\/#\/schema\/person\/image\/\",\"url\":\"https:\/\/secure.gravatar.com\/avatar\/05a05a2ab9e15e6c344e12b29751334f99aeaad6873b77da91c5e1bddbda8634?s=96&d=mm&r=g\",\"contentUrl\":\"https:\/\/secure.gravatar.com\/avatar\/05a05a2ab9e15e6c344e12b29751334f99aeaad6873b77da91c5e1bddbda8634?s=96&d=mm&r=g\",\"caption\":\"lluis\"},\"url\":\"https:\/\/www.aspronis.com\/es\/author\/lluis\/\"}]}<\/script>\n<!-- \/ Yoast SEO plugin. -->","yoast_head_json":{"title":"Concierto solidario de FildeG\u00f2spel a favor de ASPRONIS en el Teatro de Blanes - Aspronis","robots":{"index":"index","follow":"follow","max-snippet":"max-snippet:-1","max-image-preview":"max-image-preview:large","max-video-preview":"max-video-preview:-1"},"canonical":"https:\/\/www.aspronis.com\/es\/concierto-solidario-de-fildegospel-a-favor-de-aspronis-al-teatro-de-blanes\/","og_locale":"es_ES","og_type":"article","og_title":"Concierto solidario de FildeG\u00f2spel a favor de ASPRONIS en el Teatro de Blanes - Aspronis","og_description":"La recaudaci\u00f3n fue de 3.140\u20ac entre entradas vendidas y fila cero Ayer domingo, el grupo de Pineda de Mar FildeG\u00f3spel ofreci\u00f3 un concierto ben\u00e9fico a favor de la Fundaci\u00f3 ASPRONIS en el Teatro de Blanes lleno de emociones, y muy participativo con el p\u00fablico asistente,...","og_url":"https:\/\/www.aspronis.com\/es\/concierto-solidario-de-fildegospel-a-favor-de-aspronis-al-teatro-de-blanes\/","og_site_name":"Aspronis","article_published_time":"2022-11-21T08:55:47+00:00","article_modified_time":"2022-11-22T13:14:38+00:00","og_image":[{"width":1100,"height":500,"url":"https:\/\/www.aspronis.com\/wp-content\/uploads\/2022\/11\/Noti.jpg","type":"image\/jpeg"}],"author":"lluis","twitter_card":"summary_large_image","twitter_misc":{"Escrito por":"lluis","Tiempo de lectura":"2 minutos"},"schema":{"@context":"https:\/\/schema.org","@graph":[{"@type":"Article","@id":"https:\/\/www.aspronis.com\/es\/concierto-solidario-de-fildegospel-a-favor-de-aspronis-al-teatro-de-blanes\/#article","isPartOf":{"@id":"https:\/\/www.aspronis.com\/es\/concierto-solidario-de-fildegospel-a-favor-de-aspronis-al-teatro-de-blanes\/"},"author":{"name":"lluis","@id":"https:\/\/www.aspronis.com\/es\/#\/schema\/person\/fdba581f9039e5f32fda627c71b23e33"},"headline":"Concierto solidario de FildeG\u00f2spel a favor de ASPRONIS en el Teatro de Blanes","datePublished":"2022-11-21T08:55:47+00:00","dateModified":"2022-11-22T13:14:38+00:00","mainEntityOfPage":{"@id":"https:\/\/www.aspronis.com\/es\/concierto-solidario-de-fildegospel-a-favor-de-aspronis-al-teatro-de-blanes\/"},"wordCount":295,"commentCount":0,"image":{"@id":"https:\/\/www.aspronis.com\/es\/concierto-solidario-de-fildegospel-a-favor-de-aspronis-al-teatro-de-blanes\/#primaryimage"},"thumbnailUrl":"https:\/\/www.aspronis.com\/wp-content\/uploads\/2022\/11\/Noti.jpg","keywords":["Solidaridad"],"articleSection":["COLABORA"],"inLanguage":"es","potentialAction":[{"@type":"CommentAction","name":"Comment","target":["https:\/\/www.aspronis.com\/es\/concierto-solidario-de-fildegospel-a-favor-de-aspronis-al-teatro-de-blanes\/#respond"]}]},{"@type":"WebPage","@id":"https:\/\/www.aspronis.com\/es\/concierto-solidario-de-fildegospel-a-favor-de-aspronis-al-teatro-de-blanes\/","url":"https:\/\/www.aspronis.com\/es\/concierto-solidario-de-fildegospel-a-favor-de-aspronis-al-teatro-de-blanes\/","name":"Concierto solidario de FildeG\u00f2spel a favor de ASPRONIS en el Teatro de Blanes - Aspronis","isPartOf":{"@id":"https:\/\/www.aspronis.com\/es\/#website"},"primaryImageOfPage":{"@id":"https:\/\/www.aspronis.com\/es\/concierto-solidario-de-fildegospel-a-favor-de-aspronis-al-teatro-de-blanes\/#primaryimage"},"image":{"@id":"https:\/\/www.aspronis.com\/es\/concierto-solidario-de-fildegospel-a-favor-de-aspronis-al-teatro-de-blanes\/#primaryimage"},"thumbnailUrl":"https:\/\/www.aspronis.com\/wp-content\/uploads\/2022\/11\/Noti.jpg","datePublished":"2022-11-21T08:55:47+00:00","dateModified":"2022-11-22T13:14:38+00:00","author":{"@id":"https:\/\/www.aspronis.com\/es\/#\/schema\/person\/fdba581f9039e5f32fda627c71b23e33"},"inLanguage":"es","potentialAction":[{"@type":"ReadAction","target":["https:\/\/www.aspronis.com\/es\/concierto-solidario-de-fildegospel-a-favor-de-aspronis-al-teatro-de-blanes\/"]}]},{"@type":"ImageObject","inLanguage":"es","@id":"https:\/\/www.aspronis.com\/es\/concierto-solidario-de-fildegospel-a-favor-de-aspronis-al-teatro-de-blanes\/#primaryimage","url":"https:\/\/www.aspronis.com\/wp-content\/uploads\/2022\/11\/Noti.jpg","contentUrl":"https:\/\/www.aspronis.com\/wp-content\/uploads\/2022\/11\/Noti.jpg","width":1100,"height":500},{"@type":"WebSite","@id":"https:\/\/www.aspronis.com\/es\/#website","url":"https:\/\/www.aspronis.com\/es\/","name":"Aspronis","description":"","potentialAction":[{"@type":"SearchAction","target":{"@type":"EntryPoint","urlTemplate":"https:\/\/www.aspronis.com\/es\/?s={search_term_string}"},"query-input":{"@type":"PropertyValueSpecification","valueRequired":true,"valueName":"search_term_string"}}],"inLanguage":"es"},{"@type":"Person","@id":"https:\/\/www.aspronis.com\/es\/#\/schema\/person\/fdba581f9039e5f32fda627c71b23e33","name":"lluis","image":{"@type":"ImageObject","inLanguage":"es","@id":"https:\/\/www.aspronis.com\/es\/#\/schema\/person\/image\/","url":"https:\/\/secure.gravatar.com\/avatar\/05a05a2ab9e15e6c344e12b29751334f99aeaad6873b77da91c5e1bddbda8634?s=96&d=mm&r=g","contentUrl":"https:\/\/secure.gravatar.com\/avatar\/05a05a2ab9e15e6c344e12b29751334f99aeaad6873b77da91c5e1bddbda8634?s=96&d=mm&r=g","caption":"lluis"},"url":"https:\/\/www.aspronis.com\/es\/author\/lluis\/"}]}},"_links":{"self":[{"href":"https:\/\/www.aspronis.com\/es\/wp-json\/wp\/v2\/posts\/1899","targetHints":{"allow":["GET"]}}],"collection":[{"href":"https:\/\/www.aspronis.com\/es\/wp-json\/wp\/v2\/posts"}],"about":[{"href":"https:\/\/www.aspronis.com\/es\/wp-json\/wp\/v2\/types\/post"}],"author":[{"embeddable":true,"href":"https:\/\/www.aspronis.com\/es\/wp-json\/wp\/v2\/users\/4"}],"replies":[{"embeddable":true,"href":"https:\/\/www.aspronis.com\/es\/wp-json\/wp\/v2\/comments?post=1899"}],"version-history":[{"count":6,"href":"https:\/\/www.aspronis.com\/es\/wp-json\/wp\/v2\/posts\/1899\/revisions"}],"predecessor-version":[{"id":1906,"href":"https:\/\/www.aspronis.com\/es\/wp-json\/wp\/v2\/posts\/1899\/revisions\/1906"}],"wp:featuredmedia":[{"embeddable":true,"href":"https:\/\/www.aspronis.com\/es\/wp-json\/wp\/v2\/media\/1897"}],"wp:attachment":[{"href":"https:\/\/www.aspronis.com\/es\/wp-json\/wp\/v2\/media?parent=1899"}],"wp:term":[{"taxonomy":"category","embeddable":true,"href":"https:\/\/www.aspronis.com\/es\/wp-json\/wp\/v2\/categories?post=1899"},{"taxonomy":"post_tag","embeddable":true,"href":"https:\/\/www.aspronis.com\/es\/wp-json\/wp\/v2\/tags?post=1899"}],"curies":[{"name":"wp","href":"https:\/\/api.w.org\/{rel}","templated":true}]}}