{"id":2087,"date":"2020-01-16T14:27:00","date_gmt":"2020-01-16T13:27:00","guid":{"rendered":"https:\/\/www.aspronis.com\/lloret-de-mar-entrega-a-aspronis-la-recaudacion-de-la-carrera-de-navidad\/"},"modified":"2023-07-21T14:38:47","modified_gmt":"2023-07-21T12:38:47","slug":"lloret-de-mar-entrega-a-aspronis-la-recaudacion-de-la-carrera-de-navidad","status":"publish","type":"post","link":"https:\/\/www.aspronis.com\/es\/lloret-de-mar-entrega-a-aspronis-la-recaudacion-de-la-carrera-de-navidad\/","title":{"rendered":"Lloret de Mar entrega a ASPRONIS la recaudaci\u00f3n de la Carrera de Navidad"},"content":{"rendered":"\n<p><strong><em>Las inscripciones suman un total de 4.333\u20ac<\/em><\/strong><\/p>\n\n<p><\/p>\n\n<p>El alcalde de Lloret, Jaume Dulsat, y la regidora de Deportes, Ana Garcia Castany, han librado hoy al director general de la Fundaci\u00f3n ASPRONIS, Francesc Dur\u00e0, el dinero recaudado a la Carrera de Navidad Solidaria que se celebr\u00f3 el pasado 22 de diciembre y que ascienden a un total de 4.333 \u20ac. El alcalde de Lloret, Jaume Dulsat, ha remarcado que \u201ces una satisfacci\u00f3n poder vincular deporte y solidaridad, y ver la buena acogida que tiene cada a\u00f1o esta iniciativa\u201d.  Este dinero ayudar\u00e1 a que m\u00e1s personas atendidas en la entidad puedan disfrutar de la pr\u00e1ctica del deporte. Por eso, las camisetas luc\u00edan el eslogan de la entidad \u201c#ambtu llegamos m\u00e1s lejos\u201d, el cual apela a la solidaridad de la ciudadan\u00eda para hacer llegar a las personas a hitos que dif\u00edcilmente podr\u00edan conseguir sin colaboraciones.<\/p>\n\n<p>M\u00e1s de 800 personas participaron en esta \u00faltima edici\u00f3n de la Carrera de Navidad Solidaria de Lloret de Mar con salida y llegada a las pistas de atletismo. Como cada a\u00f1o, los menores de 14 a\u00f1os dieron inicio con su categor\u00eda a la Carrera con un recorrido de 1000 metros, seguidos de la categor\u00eda alevina con la misma distancia. Los y las benjamines corrieron 600 metros y los peque\u00f1os nacidos a partir de 2014, 100. Finalmente, los inscritos de m\u00e1s de 15 a\u00f1os iniciaron la Carrera a las 11\u201930h, andando o corriendo, con un recorrido de 5 kil\u00f3metros.<\/p>\n\n<p>El welcome pack de este a\u00f1o cont\u00f3 con la colaboraci\u00f3n de la Fundaci\u00f3n para su preparaci\u00f3n: personas atendidas al servicio ocupacional montaron las bolsas que se libraban a los participantes con los productos que algunas empresas cedieron para la ocasi\u00f3n de manera solidaria.<\/p>\n","protected":false},"excerpt":{"rendered":"<p>Las inscripciones suman un total de 4.333\u20ac El alcalde de Lloret, Jaume Dulsat, y la regidora de Deportes, Ana Garcia Castany, han librado hoy al director general de la Fundaci\u00f3n ASPRONIS, Francesc Dur\u00e0, el dinero recaudado a la Carrera de Navidad Solidaria que se celebr\u00f3&#8230;<\/p>\n","protected":false},"author":4,"featured_media":2085,"comment_status":"open","ping_status":"open","sticky":false,"template":"","format":"standard","meta":{"footnotes":""},"categories":[69],"tags":[83,81,63],"class_list":["post-2087","post","type-post","status-publish","format-standard","has-post-thumbnail","hentry","category-fundacion","tag-carrera-navidad","tag-lloret-de-mar-es","tag-solidaridad"],"yoast_head":"<!-- This site is optimized with the Yoast SEO plugin v26.8 - https:\/\/yoast.com\/product\/yoast-seo-wordpress\/ -->\n<title>Lloret de Mar entrega a ASPRONIS la recaudaci\u00f3n de la Carrera de Navidad - Aspronis<\/title>\n<meta name=\"robots\" content=\"index, follow, max-snippet:-1, max-image-preview:large, max-video-preview:-1\" \/>\n<link rel=\"canonical\" href=\"https:\/\/www.aspronis.com\/es\/lloret-de-mar-entrega-a-aspronis-la-recaudacion-de-la-carrera-de-navidad\/\" \/>\n<meta property=\"og:locale\" content=\"es_ES\" \/>\n<meta property=\"og:type\" content=\"article\" \/>\n<meta property=\"og:title\" content=\"Lloret de Mar entrega a ASPRONIS la recaudaci\u00f3n de la Carrera de Navidad - Aspronis\" \/>\n<meta property=\"og:description\" content=\"Las inscripciones suman un total de 4.333\u20ac El alcalde de Lloret, Jaume Dulsat, y la regidora de Deportes, Ana Garcia Castany, han librado hoy al director general de la Fundaci\u00f3n ASPRONIS, Francesc Dur\u00e0, el dinero recaudado a la Carrera de Navidad Solidaria que se celebr\u00f3...\" \/>\n<meta property=\"og:url\" content=\"https:\/\/www.aspronis.com\/es\/lloret-de-mar-entrega-a-aspronis-la-recaudacion-de-la-carrera-de-navidad\/\" \/>\n<meta property=\"og:site_name\" content=\"Aspronis\" \/>\n<meta property=\"article:published_time\" content=\"2020-01-16T13:27:00+00:00\" \/>\n<meta property=\"article:modified_time\" content=\"2023-07-21T12:38:47+00:00\" \/>\n<meta property=\"og:image\" content=\"https:\/\/www.aspronis.com\/wp-content\/uploads\/2023\/07\/Noti-donatiu.jpg\" \/>\n\t<meta property=\"og:image:width\" content=\"1110\" \/>\n\t<meta property=\"og:image:height\" content=\"500\" \/>\n\t<meta property=\"og:image:type\" content=\"image\/jpeg\" \/>\n<meta name=\"author\" content=\"lluis\" \/>\n<meta name=\"twitter:card\" content=\"summary_large_image\" \/>\n<meta name=\"twitter:label1\" content=\"Escrito por\" \/>\n\t<meta name=\"twitter:data1\" content=\"lluis\" \/>\n\t<meta name=\"twitter:label2\" content=\"Tiempo de lectura\" \/>\n\t<meta name=\"twitter:data2\" content=\"1 minuto\" \/>\n<script type=\"application\/ld+json\" class=\"yoast-schema-graph\">{\"@context\":\"https:\/\/schema.org\",\"@graph\":[{\"@type\":\"Article\",\"@id\":\"https:\/\/www.aspronis.com\/es\/lloret-de-mar-entrega-a-aspronis-la-recaudacion-de-la-carrera-de-navidad\/#article\",\"isPartOf\":{\"@id\":\"https:\/\/www.aspronis.com\/es\/lloret-de-mar-entrega-a-aspronis-la-recaudacion-de-la-carrera-de-navidad\/\"},\"author\":{\"name\":\"lluis\",\"@id\":\"https:\/\/www.aspronis.com\/es\/#\/schema\/person\/fdba581f9039e5f32fda627c71b23e33\"},\"headline\":\"Lloret de Mar entrega a ASPRONIS la recaudaci\u00f3n de la Carrera de Navidad\",\"datePublished\":\"2020-01-16T13:27:00+00:00\",\"dateModified\":\"2023-07-21T12:38:47+00:00\",\"mainEntityOfPage\":{\"@id\":\"https:\/\/www.aspronis.com\/es\/lloret-de-mar-entrega-a-aspronis-la-recaudacion-de-la-carrera-de-navidad\/\"},\"wordCount\":310,\"commentCount\":0,\"image\":{\"@id\":\"https:\/\/www.aspronis.com\/es\/lloret-de-mar-entrega-a-aspronis-la-recaudacion-de-la-carrera-de-navidad\/#primaryimage\"},\"thumbnailUrl\":\"https:\/\/www.aspronis.com\/wp-content\/uploads\/2023\/07\/Noti-donatiu.jpg\",\"keywords\":[\"Carrera Navidad\",\"Lloret de Mar\",\"Solidaridad\"],\"articleSection\":[\"FUNDACI\u00d3N\"],\"inLanguage\":\"es\",\"potentialAction\":[{\"@type\":\"CommentAction\",\"name\":\"Comment\",\"target\":[\"https:\/\/www.aspronis.com\/es\/lloret-de-mar-entrega-a-aspronis-la-recaudacion-de-la-carrera-de-navidad\/#respond\"]}]},{\"@type\":\"WebPage\",\"@id\":\"https:\/\/www.aspronis.com\/es\/lloret-de-mar-entrega-a-aspronis-la-recaudacion-de-la-carrera-de-navidad\/\",\"url\":\"https:\/\/www.aspronis.com\/es\/lloret-de-mar-entrega-a-aspronis-la-recaudacion-de-la-carrera-de-navidad\/\",\"name\":\"Lloret de Mar entrega a ASPRONIS la recaudaci\u00f3n de la Carrera de Navidad - Aspronis\",\"isPartOf\":{\"@id\":\"https:\/\/www.aspronis.com\/es\/#website\"},\"primaryImageOfPage\":{\"@id\":\"https:\/\/www.aspronis.com\/es\/lloret-de-mar-entrega-a-aspronis-la-recaudacion-de-la-carrera-de-navidad\/#primaryimage\"},\"image\":{\"@id\":\"https:\/\/www.aspronis.com\/es\/lloret-de-mar-entrega-a-aspronis-la-recaudacion-de-la-carrera-de-navidad\/#primaryimage\"},\"thumbnailUrl\":\"https:\/\/www.aspronis.com\/wp-content\/uploads\/2023\/07\/Noti-donatiu.jpg\",\"datePublished\":\"2020-01-16T13:27:00+00:00\",\"dateModified\":\"2023-07-21T12:38:47+00:00\",\"author\":{\"@id\":\"https:\/\/www.aspronis.com\/es\/#\/schema\/person\/fdba581f9039e5f32fda627c71b23e33\"},\"inLanguage\":\"es\",\"potentialAction\":[{\"@type\":\"ReadAction\",\"target\":[\"https:\/\/www.aspronis.com\/es\/lloret-de-mar-entrega-a-aspronis-la-recaudacion-de-la-carrera-de-navidad\/\"]}]},{\"@type\":\"ImageObject\",\"inLanguage\":\"es\",\"@id\":\"https:\/\/www.aspronis.com\/es\/lloret-de-mar-entrega-a-aspronis-la-recaudacion-de-la-carrera-de-navidad\/#primaryimage\",\"url\":\"https:\/\/www.aspronis.com\/wp-content\/uploads\/2023\/07\/Noti-donatiu.jpg\",\"contentUrl\":\"https:\/\/www.aspronis.com\/wp-content\/uploads\/2023\/07\/Noti-donatiu.jpg\",\"width\":1110,\"height\":500},{\"@type\":\"WebSite\",\"@id\":\"https:\/\/www.aspronis.com\/es\/#website\",\"url\":\"https:\/\/www.aspronis.com\/es\/\",\"name\":\"Aspronis\",\"description\":\"\",\"potentialAction\":[{\"@type\":\"SearchAction\",\"target\":{\"@type\":\"EntryPoint\",\"urlTemplate\":\"https:\/\/www.aspronis.com\/es\/?s={search_term_string}\"},\"query-input\":{\"@type\":\"PropertyValueSpecification\",\"valueRequired\":true,\"valueName\":\"search_term_string\"}}],\"inLanguage\":\"es\"},{\"@type\":\"Person\",\"@id\":\"https:\/\/www.aspronis.com\/es\/#\/schema\/person\/fdba581f9039e5f32fda627c71b23e33\",\"name\":\"lluis\",\"image\":{\"@type\":\"ImageObject\",\"inLanguage\":\"es\",\"@id\":\"https:\/\/www.aspronis.com\/es\/#\/schema\/person\/image\/\",\"url\":\"https:\/\/secure.gravatar.com\/avatar\/05a05a2ab9e15e6c344e12b29751334f99aeaad6873b77da91c5e1bddbda8634?s=96&d=mm&r=g\",\"contentUrl\":\"https:\/\/secure.gravatar.com\/avatar\/05a05a2ab9e15e6c344e12b29751334f99aeaad6873b77da91c5e1bddbda8634?s=96&d=mm&r=g\",\"caption\":\"lluis\"},\"url\":\"https:\/\/www.aspronis.com\/es\/author\/lluis\/\"}]}<\/script>\n<!-- \/ Yoast SEO plugin. -->","yoast_head_json":{"title":"Lloret de Mar entrega a ASPRONIS la recaudaci\u00f3n de la Carrera de Navidad - Aspronis","robots":{"index":"index","follow":"follow","max-snippet":"max-snippet:-1","max-image-preview":"max-image-preview:large","max-video-preview":"max-video-preview:-1"},"canonical":"https:\/\/www.aspronis.com\/es\/lloret-de-mar-entrega-a-aspronis-la-recaudacion-de-la-carrera-de-navidad\/","og_locale":"es_ES","og_type":"article","og_title":"Lloret de Mar entrega a ASPRONIS la recaudaci\u00f3n de la Carrera de Navidad - Aspronis","og_description":"Las inscripciones suman un total de 4.333\u20ac El alcalde de Lloret, Jaume Dulsat, y la regidora de Deportes, Ana Garcia Castany, han librado hoy al director general de la Fundaci\u00f3n ASPRONIS, Francesc Dur\u00e0, el dinero recaudado a la Carrera de Navidad Solidaria que se celebr\u00f3...","og_url":"https:\/\/www.aspronis.com\/es\/lloret-de-mar-entrega-a-aspronis-la-recaudacion-de-la-carrera-de-navidad\/","og_site_name":"Aspronis","article_published_time":"2020-01-16T13:27:00+00:00","article_modified_time":"2023-07-21T12:38:47+00:00","og_image":[{"width":1110,"height":500,"url":"https:\/\/www.aspronis.com\/wp-content\/uploads\/2023\/07\/Noti-donatiu.jpg","type":"image\/jpeg"}],"author":"lluis","twitter_card":"summary_large_image","twitter_misc":{"Escrito por":"lluis","Tiempo de lectura":"1 minuto"},"schema":{"@context":"https:\/\/schema.org","@graph":[{"@type":"Article","@id":"https:\/\/www.aspronis.com\/es\/lloret-de-mar-entrega-a-aspronis-la-recaudacion-de-la-carrera-de-navidad\/#article","isPartOf":{"@id":"https:\/\/www.aspronis.com\/es\/lloret-de-mar-entrega-a-aspronis-la-recaudacion-de-la-carrera-de-navidad\/"},"author":{"name":"lluis","@id":"https:\/\/www.aspronis.com\/es\/#\/schema\/person\/fdba581f9039e5f32fda627c71b23e33"},"headline":"Lloret de Mar entrega a ASPRONIS la recaudaci\u00f3n de la Carrera de Navidad","datePublished":"2020-01-16T13:27:00+00:00","dateModified":"2023-07-21T12:38:47+00:00","mainEntityOfPage":{"@id":"https:\/\/www.aspronis.com\/es\/lloret-de-mar-entrega-a-aspronis-la-recaudacion-de-la-carrera-de-navidad\/"},"wordCount":310,"commentCount":0,"image":{"@id":"https:\/\/www.aspronis.com\/es\/lloret-de-mar-entrega-a-aspronis-la-recaudacion-de-la-carrera-de-navidad\/#primaryimage"},"thumbnailUrl":"https:\/\/www.aspronis.com\/wp-content\/uploads\/2023\/07\/Noti-donatiu.jpg","keywords":["Carrera Navidad","Lloret de Mar","Solidaridad"],"articleSection":["FUNDACI\u00d3N"],"inLanguage":"es","potentialAction":[{"@type":"CommentAction","name":"Comment","target":["https:\/\/www.aspronis.com\/es\/lloret-de-mar-entrega-a-aspronis-la-recaudacion-de-la-carrera-de-navidad\/#respond"]}]},{"@type":"WebPage","@id":"https:\/\/www.aspronis.com\/es\/lloret-de-mar-entrega-a-aspronis-la-recaudacion-de-la-carrera-de-navidad\/","url":"https:\/\/www.aspronis.com\/es\/lloret-de-mar-entrega-a-aspronis-la-recaudacion-de-la-carrera-de-navidad\/","name":"Lloret de Mar entrega a ASPRONIS la recaudaci\u00f3n de la Carrera de Navidad - Aspronis","isPartOf":{"@id":"https:\/\/www.aspronis.com\/es\/#website"},"primaryImageOfPage":{"@id":"https:\/\/www.aspronis.com\/es\/lloret-de-mar-entrega-a-aspronis-la-recaudacion-de-la-carrera-de-navidad\/#primaryimage"},"image":{"@id":"https:\/\/www.aspronis.com\/es\/lloret-de-mar-entrega-a-aspronis-la-recaudacion-de-la-carrera-de-navidad\/#primaryimage"},"thumbnailUrl":"https:\/\/www.aspronis.com\/wp-content\/uploads\/2023\/07\/Noti-donatiu.jpg","datePublished":"2020-01-16T13:27:00+00:00","dateModified":"2023-07-21T12:38:47+00:00","author":{"@id":"https:\/\/www.aspronis.com\/es\/#\/schema\/person\/fdba581f9039e5f32fda627c71b23e33"},"inLanguage":"es","potentialAction":[{"@type":"ReadAction","target":["https:\/\/www.aspronis.com\/es\/lloret-de-mar-entrega-a-aspronis-la-recaudacion-de-la-carrera-de-navidad\/"]}]},{"@type":"ImageObject","inLanguage":"es","@id":"https:\/\/www.aspronis.com\/es\/lloret-de-mar-entrega-a-aspronis-la-recaudacion-de-la-carrera-de-navidad\/#primaryimage","url":"https:\/\/www.aspronis.com\/wp-content\/uploads\/2023\/07\/Noti-donatiu.jpg","contentUrl":"https:\/\/www.aspronis.com\/wp-content\/uploads\/2023\/07\/Noti-donatiu.jpg","width":1110,"height":500},{"@type":"WebSite","@id":"https:\/\/www.aspronis.com\/es\/#website","url":"https:\/\/www.aspronis.com\/es\/","name":"Aspronis","description":"","potentialAction":[{"@type":"SearchAction","target":{"@type":"EntryPoint","urlTemplate":"https:\/\/www.aspronis.com\/es\/?s={search_term_string}"},"query-input":{"@type":"PropertyValueSpecification","valueRequired":true,"valueName":"search_term_string"}}],"inLanguage":"es"},{"@type":"Person","@id":"https:\/\/www.aspronis.com\/es\/#\/schema\/person\/fdba581f9039e5f32fda627c71b23e33","name":"lluis","image":{"@type":"ImageObject","inLanguage":"es","@id":"https:\/\/www.aspronis.com\/es\/#\/schema\/person\/image\/","url":"https:\/\/secure.gravatar.com\/avatar\/05a05a2ab9e15e6c344e12b29751334f99aeaad6873b77da91c5e1bddbda8634?s=96&d=mm&r=g","contentUrl":"https:\/\/secure.gravatar.com\/avatar\/05a05a2ab9e15e6c344e12b29751334f99aeaad6873b77da91c5e1bddbda8634?s=96&d=mm&r=g","caption":"lluis"},"url":"https:\/\/www.aspronis.com\/es\/author\/lluis\/"}]}},"_links":{"self":[{"href":"https:\/\/www.aspronis.com\/es\/wp-json\/wp\/v2\/posts\/2087","targetHints":{"allow":["GET"]}}],"collection":[{"href":"https:\/\/www.aspronis.com\/es\/wp-json\/wp\/v2\/posts"}],"about":[{"href":"https:\/\/www.aspronis.com\/es\/wp-json\/wp\/v2\/types\/post"}],"author":[{"embeddable":true,"href":"https:\/\/www.aspronis.com\/es\/wp-json\/wp\/v2\/users\/4"}],"replies":[{"embeddable":true,"href":"https:\/\/www.aspronis.com\/es\/wp-json\/wp\/v2\/comments?post=2087"}],"version-history":[{"count":1,"href":"https:\/\/www.aspronis.com\/es\/wp-json\/wp\/v2\/posts\/2087\/revisions"}],"predecessor-version":[{"id":2088,"href":"https:\/\/www.aspronis.com\/es\/wp-json\/wp\/v2\/posts\/2087\/revisions\/2088"}],"wp:featuredmedia":[{"embeddable":true,"href":"https:\/\/www.aspronis.com\/es\/wp-json\/wp\/v2\/media\/2085"}],"wp:attachment":[{"href":"https:\/\/www.aspronis.com\/es\/wp-json\/wp\/v2\/media?parent=2087"}],"wp:term":[{"taxonomy":"category","embeddable":true,"href":"https:\/\/www.aspronis.com\/es\/wp-json\/wp\/v2\/categories?post=2087"},{"taxonomy":"post_tag","embeddable":true,"href":"https:\/\/www.aspronis.com\/es\/wp-json\/wp\/v2\/tags?post=2087"}],"curies":[{"name":"wp","href":"https:\/\/api.w.org\/{rel}","templated":true}]}}