{"id":2264,"date":"2023-10-02T18:22:34","date_gmt":"2023-10-02T16:22:34","guid":{"rendered":"https:\/\/www.aspronis.com\/la-fundacion-aspronis-sensibiliza-a-las-empresas-para-la-contratacion-de-colectivos-vulnerables\/"},"modified":"2023-11-03T13:37:14","modified_gmt":"2023-11-03T12:37:14","slug":"la-fundacion-aspronis-sensibiliza-a-las-empresas-para-la-contratacion-de-colectivos-vulnerables","status":"publish","type":"post","link":"https:\/\/www.aspronis.com\/es\/la-fundacion-aspronis-sensibiliza-a-las-empresas-para-la-contratacion-de-colectivos-vulnerables\/","title":{"rendered":"La Fundaci\u00f3n ASPRONIS sensibiliza a las empresas para la contrataci\u00f3n de colectivos vulnerables"},"content":{"rendered":"\n<p><strong><em>Re\u00fane empresas y ayuntamientos en una jornada en la sede de Frit Ravich<\/em><\/strong><\/p>\n\n\n\n<p><\/p>\n\n\n\n<p><strong><em>ASPRONIS celebra 15 a\u00f1os de la puesta en marcha de su servicio de inserci\u00f3n laboral para personas en riesgo de exclusi\u00f3n<\/em><\/strong><\/p>\n\n\n\n<p><\/p>\n\n\n\n<p>La Fundaci\u00f3n ASPRONIS reuni\u00f3 el pasado viernes en las instalaciones de Frit Ravich, en Ma\u00e7anet de la Selva, unos ochenta asistentes, entre empresas y organismos p\u00fablicos de las comarcas de la Selva y el Maresme, en una jornada organizada en motivo del 15 aniversario de su Servicio de Inserci\u00f3n Laboral (SIL) con el objetivo de sensibilizar a las empresas sobre la contrataci\u00f3n de colectivos en situaci\u00f3n de vulnerabilidad: personas con discapacidad intelectual -el principal colectivo que atiende ASPRONIS-, con enfermedad mental, personas en situaci\u00f3n de paro prolongado, con poca o nula formaci\u00f3n, etc. <\/p>\n\n\n\n<p>La jornada, con el t\u00edtulo \u00abEmpresas comprometidas con la inserci\u00f3n de colectivos vulnerables\u00bb, fue una breve matinal que cont\u00f3 con la bienvenida institucional de Judith Viader, directora general de Frit Ravich, Nat\u00e0lia Figueras, alcaldesa de Ma\u00e7anet de la Selva, y Enric Vinaixa, secretario de Treball del Departament d&#8217;Empresa y Treball de la Generalitat de Catalunya. Seguidamente, Francesc Ventura, subdirector del \u00c1rea de Inclusi\u00f3n Social de Fundaci\u00f3n \u201cla Caixa\u201d, present\u00f3 el programa Incorpora y habl\u00f3 sobre c\u00f3mo la inserci\u00f3n laboral puede ser clave para la vida de las personas con menos oportunidades de inserci\u00f3n. <\/p>\n\n\n\n<p>La parte central la protagoniz\u00f3 una mesa redonda, que moder\u00f3 Roger Casero, coordinador del Programa Incorpora en Girona, y que cont\u00f3 con las experiencias de empresas y personas insertadas que pusieron voz al valor de la inserci\u00f3n tanto para personas en situaci\u00f3n de vulnerabilidad como lo que aportan a los equipos humanos de las empresas. Ofrecieron su testimonio: Cristina Caba\u00f1as y Jos\u00e9 Ram\u00f3n Cozar, presidenta y trabajador de Guitart Hotels; Patricia Santes y N\u00e9stor Recasens, responsable de tienda y trabajador de Decathlon Blanes, y D\u00eddac Vila y Carina Taberner, jefe de almac\u00e9n y trabajadora de Naturitas, empresa de venta on line de productos diet\u00e9ticos y cosm\u00e9ticos.<\/p>\n\n\n\n<p>Para acabar, Sandra Sauleda, presidenta de la Fundaci\u00f3n ASPRONIS, encarrilaba el cierre de la jornada con el agradecimiento a los asistentes y participantes, y Antoni Ca\u00f1ete, presidente de Pimec, pon\u00eda el punto final antes del desayuno-networking.<\/p>\n\n\n\n<p><\/p>\n\n\n\n<p><em><strong>Centenares de inserciones de valor a\u00f1adido<\/strong><\/em><\/p>\n\n\n\n<p>El Servicio de Inserci\u00f3n Laboral de la Fundaci\u00f3n ASPRONIS ha orientado y acompa\u00f1ado centenares de personas en el proceso de conseguir y mantener un trabajo en sus 15 a\u00f1os de existencia. S\u00f3lo en los \u00faltimos 5, el SIL ha logrado 300 inserciones en empresas, 54 concretamente en el \u00faltimo ejercicio, en 2022, cuando atendi\u00f3 a 280 persones adultas entre orientaci\u00f3n, formaci\u00f3n e inserci\u00f3n.<\/p>\n\n\n\n<p>El servicio ofrece oportunidades a colectivos que, por su situaci\u00f3n de vulnerabilidad, tienen menos. Est\u00e1 dirigido a todo aquel que lo necesite y se coordina con el programa CaixaProInfancia (CPI) que atiende a infancia en situaci\u00f3n de pobreza y a su entorno familiar. A partir de la detecci\u00f3n de las necesidades de los progenitores en cuanto a formaci\u00f3n o empleo, el SIL trabaja con CPI para lograr romper el c\u00edrculo de la pobreza de la familia, y \u200b\u200bles acompa\u00f1a en su proyecto de vida, prop\u00f3sito fundacional de ASPRONIS.<\/p>\n\n\n\n<p>La prospecci\u00f3n de mercado, la inserci\u00f3n y el seguimiento de la adaptaci\u00f3n al trabajo desde el SIL es posible gracias al programa INCORPORA de la Fundaci\u00f3n \u201cla Caixa\u201d y al de Servicios integrales de orientaci\u00f3n, acompa\u00f1amiento y apoyo a la inserci\u00f3n de personas con discapacidad o trastornos de la salud mental &#8211; SIOAS- del Departamento de Trabajo y Empresa de la Generalitat de Catalu\u00f1a.<\/p>\n\n\n\n<p><\/p>\n\n\n\n<p>V\u00eddeo resumen de la jornada<\/p>\n\n\n\n<figure class=\"wp-block-embed is-type-video is-provider-youtube wp-block-embed-youtube wp-embed-aspect-16-9 wp-has-aspect-ratio\"><div class=\"wp-block-embed__wrapper\">\n<iframe loading=\"lazy\" title=\"II Jornada Empreses compromeses amb la contractaci\u00f3 de col\u00b7lectius vulnerables - Fundaci\u00f3 ASPRONIS\" width=\"1060\" height=\"596\" src=\"https:\/\/www.youtube.com\/embed\/3uEN3sL22Uw?feature=oembed\" frameborder=\"0\" allow=\"accelerometer; autoplay; clipboard-write; encrypted-media; gyroscope; picture-in-picture; web-share\" allowfullscreen><\/iframe>\n<\/div><\/figure>\n\n\n\n<p><\/p>\n","protected":false},"excerpt":{"rendered":"<p>Re\u00fane empresas y ayuntamientos en una jornada en la sede de Frit Ravich ASPRONIS celebra 15 a\u00f1os de la puesta en marcha de su servicio de inserci\u00f3n laboral para personas en riesgo de exclusi\u00f3n La Fundaci\u00f3n ASPRONIS reuni\u00f3 el pasado viernes en las instalaciones de&#8230;<\/p>\n","protected":false},"author":16,"featured_media":2261,"comment_status":"open","ping_status":"open","sticky":false,"template":"","format":"standard","meta":{"footnotes":""},"categories":[47,48,48,69,69,47],"tags":[88,94],"class_list":{"0":"post-2264","1":"post","2":"type-post","3":"status-publish","4":"format-standard","5":"has-post-thumbnail","6":"hentry","7":"category-trabajo","8":"category-formacio-es","10":"category-fundacion","13":"tag-formacion","14":"tag-insercion-laboral"},"yoast_head":"<!-- This site is optimized with the Yoast SEO plugin v26.8 - https:\/\/yoast.com\/product\/yoast-seo-wordpress\/ -->\n<title>La Fundaci\u00f3n ASPRONIS sensibiliza a las empresas para la contrataci\u00f3n de colectivos vulnerables - Aspronis<\/title>\n<meta name=\"robots\" content=\"index, follow, max-snippet:-1, max-image-preview:large, max-video-preview:-1\" \/>\n<link rel=\"canonical\" href=\"https:\/\/www.aspronis.com\/es\/la-fundacion-aspronis-sensibiliza-a-las-empresas-para-la-contratacion-de-colectivos-vulnerables\/\" \/>\n<meta property=\"og:locale\" content=\"es_ES\" \/>\n<meta property=\"og:type\" content=\"article\" \/>\n<meta property=\"og:title\" content=\"La Fundaci\u00f3n ASPRONIS sensibiliza a las empresas para la contrataci\u00f3n de colectivos vulnerables - Aspronis\" \/>\n<meta property=\"og:description\" content=\"Re\u00fane empresas y ayuntamientos en una jornada en la sede de Frit Ravich ASPRONIS celebra 15 a\u00f1os de la puesta en marcha de su servicio de inserci\u00f3n laboral para personas en riesgo de exclusi\u00f3n La Fundaci\u00f3n ASPRONIS reuni\u00f3 el pasado viernes en las instalaciones de...\" \/>\n<meta property=\"og:url\" content=\"https:\/\/www.aspronis.com\/es\/la-fundacion-aspronis-sensibiliza-a-las-empresas-para-la-contratacion-de-colectivos-vulnerables\/\" \/>\n<meta property=\"og:site_name\" content=\"Aspronis\" \/>\n<meta property=\"article:published_time\" content=\"2023-10-02T16:22:34+00:00\" \/>\n<meta property=\"article:modified_time\" content=\"2023-11-03T12:37:14+00:00\" \/>\n<meta property=\"og:image\" content=\"https:\/\/www.aspronis.com\/wp-content\/uploads\/2023\/11\/12.jpg\" \/>\n\t<meta property=\"og:image:width\" content=\"1920\" \/>\n\t<meta property=\"og:image:height\" content=\"1080\" \/>\n\t<meta property=\"og:image:type\" content=\"image\/jpeg\" \/>\n<meta name=\"author\" content=\"M\u00edriam Crivill\u00e9s\" \/>\n<meta name=\"twitter:card\" content=\"summary_large_image\" \/>\n<meta name=\"twitter:label1\" content=\"Escrito por\" \/>\n\t<meta name=\"twitter:data1\" content=\"M\u00edriam Crivill\u00e9s\" \/>\n\t<meta name=\"twitter:label2\" content=\"Tiempo de lectura\" \/>\n\t<meta name=\"twitter:data2\" content=\"4 minutos\" \/>\n<script type=\"application\/ld+json\" class=\"yoast-schema-graph\">{\"@context\":\"https:\/\/schema.org\",\"@graph\":[{\"@type\":\"Article\",\"@id\":\"https:\/\/www.aspronis.com\/es\/la-fundacion-aspronis-sensibiliza-a-las-empresas-para-la-contratacion-de-colectivos-vulnerables\/#article\",\"isPartOf\":{\"@id\":\"https:\/\/www.aspronis.com\/es\/la-fundacion-aspronis-sensibiliza-a-las-empresas-para-la-contratacion-de-colectivos-vulnerables\/\"},\"author\":{\"name\":\"M\u00edriam Crivill\u00e9s\",\"@id\":\"https:\/\/www.aspronis.com\/es\/#\/schema\/person\/dfe563f369406fd7773cb9f5aa876561\"},\"headline\":\"La Fundaci\u00f3n ASPRONIS sensibiliza a las empresas para la contrataci\u00f3n de colectivos vulnerables\",\"datePublished\":\"2023-10-02T16:22:34+00:00\",\"dateModified\":\"2023-11-03T12:37:14+00:00\",\"mainEntityOfPage\":{\"@id\":\"https:\/\/www.aspronis.com\/es\/la-fundacion-aspronis-sensibiliza-a-las-empresas-para-la-contratacion-de-colectivos-vulnerables\/\"},\"wordCount\":663,\"commentCount\":0,\"image\":{\"@id\":\"https:\/\/www.aspronis.com\/es\/la-fundacion-aspronis-sensibiliza-a-las-empresas-para-la-contratacion-de-colectivos-vulnerables\/#primaryimage\"},\"thumbnailUrl\":\"https:\/\/www.aspronis.com\/wp-content\/uploads\/2023\/11\/12.jpg\",\"keywords\":[\"Formaci\u00f3n\",\"Inserci\u00f3n laboral\"],\"articleSection\":[\"TRABAJO\",\"FORMACI\u00d3\",\"FORMACI\u00d3\",\"FUNDACI\u00d3N\",\"FUNDACI\u00d3N\",\"TRABAJO\"],\"inLanguage\":\"es\",\"potentialAction\":[{\"@type\":\"CommentAction\",\"name\":\"Comment\",\"target\":[\"https:\/\/www.aspronis.com\/es\/la-fundacion-aspronis-sensibiliza-a-las-empresas-para-la-contratacion-de-colectivos-vulnerables\/#respond\"]}]},{\"@type\":\"WebPage\",\"@id\":\"https:\/\/www.aspronis.com\/es\/la-fundacion-aspronis-sensibiliza-a-las-empresas-para-la-contratacion-de-colectivos-vulnerables\/\",\"url\":\"https:\/\/www.aspronis.com\/es\/la-fundacion-aspronis-sensibiliza-a-las-empresas-para-la-contratacion-de-colectivos-vulnerables\/\",\"name\":\"La Fundaci\u00f3n ASPRONIS sensibiliza a las empresas para la contrataci\u00f3n de colectivos vulnerables - Aspronis\",\"isPartOf\":{\"@id\":\"https:\/\/www.aspronis.com\/es\/#website\"},\"primaryImageOfPage\":{\"@id\":\"https:\/\/www.aspronis.com\/es\/la-fundacion-aspronis-sensibiliza-a-las-empresas-para-la-contratacion-de-colectivos-vulnerables\/#primaryimage\"},\"image\":{\"@id\":\"https:\/\/www.aspronis.com\/es\/la-fundacion-aspronis-sensibiliza-a-las-empresas-para-la-contratacion-de-colectivos-vulnerables\/#primaryimage\"},\"thumbnailUrl\":\"https:\/\/www.aspronis.com\/wp-content\/uploads\/2023\/11\/12.jpg\",\"datePublished\":\"2023-10-02T16:22:34+00:00\",\"dateModified\":\"2023-11-03T12:37:14+00:00\",\"author\":{\"@id\":\"https:\/\/www.aspronis.com\/es\/#\/schema\/person\/dfe563f369406fd7773cb9f5aa876561\"},\"inLanguage\":\"es\",\"potentialAction\":[{\"@type\":\"ReadAction\",\"target\":[\"https:\/\/www.aspronis.com\/es\/la-fundacion-aspronis-sensibiliza-a-las-empresas-para-la-contratacion-de-colectivos-vulnerables\/\"]}]},{\"@type\":\"ImageObject\",\"inLanguage\":\"es\",\"@id\":\"https:\/\/www.aspronis.com\/es\/la-fundacion-aspronis-sensibiliza-a-las-empresas-para-la-contratacion-de-colectivos-vulnerables\/#primaryimage\",\"url\":\"https:\/\/www.aspronis.com\/wp-content\/uploads\/2023\/11\/12.jpg\",\"contentUrl\":\"https:\/\/www.aspronis.com\/wp-content\/uploads\/2023\/11\/12.jpg\",\"width\":1920,\"height\":1080},{\"@type\":\"WebSite\",\"@id\":\"https:\/\/www.aspronis.com\/es\/#website\",\"url\":\"https:\/\/www.aspronis.com\/es\/\",\"name\":\"Aspronis\",\"description\":\"\",\"potentialAction\":[{\"@type\":\"SearchAction\",\"target\":{\"@type\":\"EntryPoint\",\"urlTemplate\":\"https:\/\/www.aspronis.com\/es\/?s={search_term_string}\"},\"query-input\":{\"@type\":\"PropertyValueSpecification\",\"valueRequired\":true,\"valueName\":\"search_term_string\"}}],\"inLanguage\":\"es\"},{\"@type\":\"Person\",\"@id\":\"https:\/\/www.aspronis.com\/es\/#\/schema\/person\/dfe563f369406fd7773cb9f5aa876561\",\"name\":\"M\u00edriam Crivill\u00e9s\",\"image\":{\"@type\":\"ImageObject\",\"inLanguage\":\"es\",\"@id\":\"https:\/\/www.aspronis.com\/es\/#\/schema\/person\/image\/\",\"url\":\"https:\/\/secure.gravatar.com\/avatar\/c08aa9bec98e7235fd3b7853c5374ac87a0bb009f9c8b89ea1020dd77307a0bf?s=96&d=mm&r=g\",\"contentUrl\":\"https:\/\/secure.gravatar.com\/avatar\/c08aa9bec98e7235fd3b7853c5374ac87a0bb009f9c8b89ea1020dd77307a0bf?s=96&d=mm&r=g\",\"caption\":\"M\u00edriam Crivill\u00e9s\"},\"url\":\"https:\/\/www.aspronis.com\/es\/author\/mcrivilles\/\"}]}<\/script>\n<!-- \/ Yoast SEO plugin. -->","yoast_head_json":{"title":"La Fundaci\u00f3n ASPRONIS sensibiliza a las empresas para la contrataci\u00f3n de colectivos vulnerables - Aspronis","robots":{"index":"index","follow":"follow","max-snippet":"max-snippet:-1","max-image-preview":"max-image-preview:large","max-video-preview":"max-video-preview:-1"},"canonical":"https:\/\/www.aspronis.com\/es\/la-fundacion-aspronis-sensibiliza-a-las-empresas-para-la-contratacion-de-colectivos-vulnerables\/","og_locale":"es_ES","og_type":"article","og_title":"La Fundaci\u00f3n ASPRONIS sensibiliza a las empresas para la contrataci\u00f3n de colectivos vulnerables - Aspronis","og_description":"Re\u00fane empresas y ayuntamientos en una jornada en la sede de Frit Ravich ASPRONIS celebra 15 a\u00f1os de la puesta en marcha de su servicio de inserci\u00f3n laboral para personas en riesgo de exclusi\u00f3n La Fundaci\u00f3n ASPRONIS reuni\u00f3 el pasado viernes en las instalaciones de...","og_url":"https:\/\/www.aspronis.com\/es\/la-fundacion-aspronis-sensibiliza-a-las-empresas-para-la-contratacion-de-colectivos-vulnerables\/","og_site_name":"Aspronis","article_published_time":"2023-10-02T16:22:34+00:00","article_modified_time":"2023-11-03T12:37:14+00:00","og_image":[{"width":1920,"height":1080,"url":"https:\/\/www.aspronis.com\/wp-content\/uploads\/2023\/11\/12.jpg","type":"image\/jpeg"}],"author":"M\u00edriam Crivill\u00e9s","twitter_card":"summary_large_image","twitter_misc":{"Escrito por":"M\u00edriam Crivill\u00e9s","Tiempo de lectura":"4 minutos"},"schema":{"@context":"https:\/\/schema.org","@graph":[{"@type":"Article","@id":"https:\/\/www.aspronis.com\/es\/la-fundacion-aspronis-sensibiliza-a-las-empresas-para-la-contratacion-de-colectivos-vulnerables\/#article","isPartOf":{"@id":"https:\/\/www.aspronis.com\/es\/la-fundacion-aspronis-sensibiliza-a-las-empresas-para-la-contratacion-de-colectivos-vulnerables\/"},"author":{"name":"M\u00edriam Crivill\u00e9s","@id":"https:\/\/www.aspronis.com\/es\/#\/schema\/person\/dfe563f369406fd7773cb9f5aa876561"},"headline":"La Fundaci\u00f3n ASPRONIS sensibiliza a las empresas para la contrataci\u00f3n de colectivos vulnerables","datePublished":"2023-10-02T16:22:34+00:00","dateModified":"2023-11-03T12:37:14+00:00","mainEntityOfPage":{"@id":"https:\/\/www.aspronis.com\/es\/la-fundacion-aspronis-sensibiliza-a-las-empresas-para-la-contratacion-de-colectivos-vulnerables\/"},"wordCount":663,"commentCount":0,"image":{"@id":"https:\/\/www.aspronis.com\/es\/la-fundacion-aspronis-sensibiliza-a-las-empresas-para-la-contratacion-de-colectivos-vulnerables\/#primaryimage"},"thumbnailUrl":"https:\/\/www.aspronis.com\/wp-content\/uploads\/2023\/11\/12.jpg","keywords":["Formaci\u00f3n","Inserci\u00f3n laboral"],"articleSection":["TRABAJO","FORMACI\u00d3","FORMACI\u00d3","FUNDACI\u00d3N","FUNDACI\u00d3N","TRABAJO"],"inLanguage":"es","potentialAction":[{"@type":"CommentAction","name":"Comment","target":["https:\/\/www.aspronis.com\/es\/la-fundacion-aspronis-sensibiliza-a-las-empresas-para-la-contratacion-de-colectivos-vulnerables\/#respond"]}]},{"@type":"WebPage","@id":"https:\/\/www.aspronis.com\/es\/la-fundacion-aspronis-sensibiliza-a-las-empresas-para-la-contratacion-de-colectivos-vulnerables\/","url":"https:\/\/www.aspronis.com\/es\/la-fundacion-aspronis-sensibiliza-a-las-empresas-para-la-contratacion-de-colectivos-vulnerables\/","name":"La Fundaci\u00f3n ASPRONIS sensibiliza a las empresas para la contrataci\u00f3n de colectivos vulnerables - Aspronis","isPartOf":{"@id":"https:\/\/www.aspronis.com\/es\/#website"},"primaryImageOfPage":{"@id":"https:\/\/www.aspronis.com\/es\/la-fundacion-aspronis-sensibiliza-a-las-empresas-para-la-contratacion-de-colectivos-vulnerables\/#primaryimage"},"image":{"@id":"https:\/\/www.aspronis.com\/es\/la-fundacion-aspronis-sensibiliza-a-las-empresas-para-la-contratacion-de-colectivos-vulnerables\/#primaryimage"},"thumbnailUrl":"https:\/\/www.aspronis.com\/wp-content\/uploads\/2023\/11\/12.jpg","datePublished":"2023-10-02T16:22:34+00:00","dateModified":"2023-11-03T12:37:14+00:00","author":{"@id":"https:\/\/www.aspronis.com\/es\/#\/schema\/person\/dfe563f369406fd7773cb9f5aa876561"},"inLanguage":"es","potentialAction":[{"@type":"ReadAction","target":["https:\/\/www.aspronis.com\/es\/la-fundacion-aspronis-sensibiliza-a-las-empresas-para-la-contratacion-de-colectivos-vulnerables\/"]}]},{"@type":"ImageObject","inLanguage":"es","@id":"https:\/\/www.aspronis.com\/es\/la-fundacion-aspronis-sensibiliza-a-las-empresas-para-la-contratacion-de-colectivos-vulnerables\/#primaryimage","url":"https:\/\/www.aspronis.com\/wp-content\/uploads\/2023\/11\/12.jpg","contentUrl":"https:\/\/www.aspronis.com\/wp-content\/uploads\/2023\/11\/12.jpg","width":1920,"height":1080},{"@type":"WebSite","@id":"https:\/\/www.aspronis.com\/es\/#website","url":"https:\/\/www.aspronis.com\/es\/","name":"Aspronis","description":"","potentialAction":[{"@type":"SearchAction","target":{"@type":"EntryPoint","urlTemplate":"https:\/\/www.aspronis.com\/es\/?s={search_term_string}"},"query-input":{"@type":"PropertyValueSpecification","valueRequired":true,"valueName":"search_term_string"}}],"inLanguage":"es"},{"@type":"Person","@id":"https:\/\/www.aspronis.com\/es\/#\/schema\/person\/dfe563f369406fd7773cb9f5aa876561","name":"M\u00edriam Crivill\u00e9s","image":{"@type":"ImageObject","inLanguage":"es","@id":"https:\/\/www.aspronis.com\/es\/#\/schema\/person\/image\/","url":"https:\/\/secure.gravatar.com\/avatar\/c08aa9bec98e7235fd3b7853c5374ac87a0bb009f9c8b89ea1020dd77307a0bf?s=96&d=mm&r=g","contentUrl":"https:\/\/secure.gravatar.com\/avatar\/c08aa9bec98e7235fd3b7853c5374ac87a0bb009f9c8b89ea1020dd77307a0bf?s=96&d=mm&r=g","caption":"M\u00edriam Crivill\u00e9s"},"url":"https:\/\/www.aspronis.com\/es\/author\/mcrivilles\/"}]}},"_links":{"self":[{"href":"https:\/\/www.aspronis.com\/es\/wp-json\/wp\/v2\/posts\/2264","targetHints":{"allow":["GET"]}}],"collection":[{"href":"https:\/\/www.aspronis.com\/es\/wp-json\/wp\/v2\/posts"}],"about":[{"href":"https:\/\/www.aspronis.com\/es\/wp-json\/wp\/v2\/types\/post"}],"author":[{"embeddable":true,"href":"https:\/\/www.aspronis.com\/es\/wp-json\/wp\/v2\/users\/16"}],"replies":[{"embeddable":true,"href":"https:\/\/www.aspronis.com\/es\/wp-json\/wp\/v2\/comments?post=2264"}],"version-history":[{"count":3,"href":"https:\/\/www.aspronis.com\/es\/wp-json\/wp\/v2\/posts\/2264\/revisions"}],"predecessor-version":[{"id":2275,"href":"https:\/\/www.aspronis.com\/es\/wp-json\/wp\/v2\/posts\/2264\/revisions\/2275"}],"wp:featuredmedia":[{"embeddable":true,"href":"https:\/\/www.aspronis.com\/es\/wp-json\/wp\/v2\/media\/2261"}],"wp:attachment":[{"href":"https:\/\/www.aspronis.com\/es\/wp-json\/wp\/v2\/media?parent=2264"}],"wp:term":[{"taxonomy":"category","embeddable":true,"href":"https:\/\/www.aspronis.com\/es\/wp-json\/wp\/v2\/categories?post=2264"},{"taxonomy":"post_tag","embeddable":true,"href":"https:\/\/www.aspronis.com\/es\/wp-json\/wp\/v2\/tags?post=2264"}],"curies":[{"name":"wp","href":"https:\/\/api.w.org\/{rel}","templated":true}]}}