{"id":2370,"date":"2023-12-04T10:56:00","date_gmt":"2023-12-04T09:56:00","guid":{"rendered":"https:\/\/www.aspronis.com\/aspronis-celebra-el-dia-de-la-discapacidad-en-el-territorio\/"},"modified":"2023-12-12T19:25:43","modified_gmt":"2023-12-12T18:25:43","slug":"aspronis-celebra-el-dia-de-la-discapacidad-en-el-territorio","status":"publish","type":"post","link":"https:\/\/www.aspronis.com\/es\/aspronis-celebra-el-dia-de-la-discapacidad-en-el-territorio\/","title":{"rendered":"ASPRONIS celebra el d\u00eda de la discapacidad en el territorio"},"content":{"rendered":"\n<p><\/p>\n\n<p><strong><em><span style=\"font-size: 12pt; font-style: inherit; font-weight: inherit; letter-spacing: inherit; text-align: center;\">La Fundaci\u00f3n participa en actividades programadas en Palafolls y Lloret de Mar<\/span><\/em><\/strong><\/p>\n\n<p><\/p>\n\n<p><\/p>\n\n<p>Este domingo, 3 de diciembre, con motivo del D\u00eda de la Discapacidad, la Fundaci\u00f3n ASPRONIS ha participado activamente en dos eventos organizados en Palafolls y en Lloret de Mar.<\/p>\n\n<p>Por un lado, el Ayuntamiento de Palafolls puso punto y final a la \u00faltima edici\u00f3n de las Deporte-radas, el conjunto de actividades deportivas que organiza para potenciar el deporte entre sus conciudadanos, con un partido de Wabol, una modalidad de f\u00fatbol en el que no se puede correr y que se inventaron dos veteranos, \u200b\u200blos ex jugadores Steve Archibald y Andrew Sims Szegedi (Silvio).<\/p>\n\n<p>A diferencia de otras actividades de las Deporte-radas que est\u00e1n dirigidas a un colectivo concreto de poblaci\u00f3n, la propuesta del Wabol estaba abierta a todos los palafollenses. Por eso, el Ayuntamiento invit\u00f3 a participar de la actividad a los miembros de ASPRONIS, coincidiendo, adem\u00e1s, con el D\u00eda Internacional de las Personas con Discapacidad. Todo aquel nteresado en participar y probar el Wabol, s\u00f3lo ten\u00eda que presentarse en el Palastadium Llu\u00eds Moner a las 10h con calzado c\u00f3modo.<\/p>\n\n<p>En cuanto a Lloret de Mar, la Asociaci\u00f3n Som Capa\u00e7os tambi\u00e9n invit\u00f3 a ASPRONIS a participar en la Feria de la Discapacidad que se celebraba en la Plaza Germinal Ros, delante del Teatro, durante todo el d\u00eda. La Fira ten\u00eda programadas actividades diversas durante toda la ma\u00f1ana: espect\u00e1culo de magia, un concierto y diferentes talleres. Por parte de la Fundaci\u00f3n, estuvimos representados con nuestro puesto del Centro Ocupacional, donde se pod\u00edan adquirir productos de artesan\u00eda para adornar estas fiestas de Navidad elaborados por las personas del Servicio de Terapia Ocupacional.<\/p>\n","protected":false},"excerpt":{"rendered":"<p>La Fundaci\u00f3n participa en actividades programadas en Palafolls y Lloret de Mar Este domingo, 3 de diciembre, con motivo del D\u00eda de la Discapacidad, la Fundaci\u00f3n ASPRONIS ha participado activamente en dos eventos organizados en Palafolls y en Lloret de Mar. Por un lado, el&#8230;<\/p>\n","protected":false},"author":16,"featured_media":2368,"comment_status":"open","ping_status":"open","sticky":false,"template":"","format":"standard","meta":{"footnotes":""},"categories":[69],"tags":[126,119,81,127],"class_list":["post-2370","post","type-post","status-publish","format-standard","has-post-thumbnail","hentry","category-fundacion","tag-discapacidad","tag-inclusio-es","tag-lloret-de-mar-es","tag-palafolls-es"],"yoast_head":"<!-- This site is optimized with the Yoast SEO plugin v26.8 - https:\/\/yoast.com\/product\/yoast-seo-wordpress\/ -->\n<title>ASPRONIS celebra el d\u00eda de la discapacidad en el territorio - Aspronis<\/title>\n<meta name=\"robots\" content=\"index, follow, max-snippet:-1, max-image-preview:large, max-video-preview:-1\" \/>\n<link rel=\"canonical\" href=\"https:\/\/www.aspronis.com\/es\/aspronis-celebra-el-dia-de-la-discapacidad-en-el-territorio\/\" \/>\n<meta property=\"og:locale\" content=\"es_ES\" \/>\n<meta property=\"og:type\" content=\"article\" \/>\n<meta property=\"og:title\" content=\"ASPRONIS celebra el d\u00eda de la discapacidad en el territorio - Aspronis\" \/>\n<meta property=\"og:description\" content=\"La Fundaci\u00f3n participa en actividades programadas en Palafolls y Lloret de Mar Este domingo, 3 de diciembre, con motivo del D\u00eda de la Discapacidad, la Fundaci\u00f3n ASPRONIS ha participado activamente en dos eventos organizados en Palafolls y en Lloret de Mar. Por un lado, el...\" \/>\n<meta property=\"og:url\" content=\"https:\/\/www.aspronis.com\/es\/aspronis-celebra-el-dia-de-la-discapacidad-en-el-territorio\/\" \/>\n<meta property=\"og:site_name\" content=\"Aspronis\" \/>\n<meta property=\"article:published_time\" content=\"2023-12-04T09:56:00+00:00\" \/>\n<meta property=\"article:modified_time\" content=\"2023-12-12T18:25:43+00:00\" \/>\n<meta property=\"og:image\" content=\"https:\/\/www.aspronis.com\/wp-content\/uploads\/2023\/11\/Noticia-3-de-desembre.jpg\" \/>\n\t<meta property=\"og:image:width\" content=\"1100\" \/>\n\t<meta property=\"og:image:height\" content=\"500\" \/>\n\t<meta property=\"og:image:type\" content=\"image\/jpeg\" \/>\n<meta name=\"author\" content=\"M\u00edriam Crivill\u00e9s\" \/>\n<meta name=\"twitter:card\" content=\"summary_large_image\" \/>\n<meta name=\"twitter:label1\" content=\"Escrito por\" \/>\n\t<meta name=\"twitter:data1\" content=\"M\u00edriam Crivill\u00e9s\" \/>\n\t<meta name=\"twitter:label2\" content=\"Tiempo de lectura\" \/>\n\t<meta name=\"twitter:data2\" content=\"1 minuto\" \/>\n<script type=\"application\/ld+json\" class=\"yoast-schema-graph\">{\"@context\":\"https:\/\/schema.org\",\"@graph\":[{\"@type\":\"Article\",\"@id\":\"https:\/\/www.aspronis.com\/es\/aspronis-celebra-el-dia-de-la-discapacidad-en-el-territorio\/#article\",\"isPartOf\":{\"@id\":\"https:\/\/www.aspronis.com\/es\/aspronis-celebra-el-dia-de-la-discapacidad-en-el-territorio\/\"},\"author\":{\"name\":\"M\u00edriam Crivill\u00e9s\",\"@id\":\"https:\/\/www.aspronis.com\/es\/#\/schema\/person\/dfe563f369406fd7773cb9f5aa876561\"},\"headline\":\"ASPRONIS celebra el d\u00eda de la discapacidad en el territorio\",\"datePublished\":\"2023-12-04T09:56:00+00:00\",\"dateModified\":\"2023-12-12T18:25:43+00:00\",\"mainEntityOfPage\":{\"@id\":\"https:\/\/www.aspronis.com\/es\/aspronis-celebra-el-dia-de-la-discapacidad-en-el-territorio\/\"},\"wordCount\":305,\"commentCount\":0,\"image\":{\"@id\":\"https:\/\/www.aspronis.com\/es\/aspronis-celebra-el-dia-de-la-discapacidad-en-el-territorio\/#primaryimage\"},\"thumbnailUrl\":\"https:\/\/www.aspronis.com\/wp-content\/uploads\/2023\/11\/Noticia-3-de-desembre.jpg\",\"keywords\":[\"Discapacidad\",\"inclusi\u00f3\",\"Lloret de Mar\",\"Palafolls\"],\"articleSection\":[\"FUNDACI\u00d3N\"],\"inLanguage\":\"es\",\"potentialAction\":[{\"@type\":\"CommentAction\",\"name\":\"Comment\",\"target\":[\"https:\/\/www.aspronis.com\/es\/aspronis-celebra-el-dia-de-la-discapacidad-en-el-territorio\/#respond\"]}]},{\"@type\":\"WebPage\",\"@id\":\"https:\/\/www.aspronis.com\/es\/aspronis-celebra-el-dia-de-la-discapacidad-en-el-territorio\/\",\"url\":\"https:\/\/www.aspronis.com\/es\/aspronis-celebra-el-dia-de-la-discapacidad-en-el-territorio\/\",\"name\":\"ASPRONIS celebra el d\u00eda de la discapacidad en el territorio - Aspronis\",\"isPartOf\":{\"@id\":\"https:\/\/www.aspronis.com\/es\/#website\"},\"primaryImageOfPage\":{\"@id\":\"https:\/\/www.aspronis.com\/es\/aspronis-celebra-el-dia-de-la-discapacidad-en-el-territorio\/#primaryimage\"},\"image\":{\"@id\":\"https:\/\/www.aspronis.com\/es\/aspronis-celebra-el-dia-de-la-discapacidad-en-el-territorio\/#primaryimage\"},\"thumbnailUrl\":\"https:\/\/www.aspronis.com\/wp-content\/uploads\/2023\/11\/Noticia-3-de-desembre.jpg\",\"datePublished\":\"2023-12-04T09:56:00+00:00\",\"dateModified\":\"2023-12-12T18:25:43+00:00\",\"author\":{\"@id\":\"https:\/\/www.aspronis.com\/es\/#\/schema\/person\/dfe563f369406fd7773cb9f5aa876561\"},\"inLanguage\":\"es\",\"potentialAction\":[{\"@type\":\"ReadAction\",\"target\":[\"https:\/\/www.aspronis.com\/es\/aspronis-celebra-el-dia-de-la-discapacidad-en-el-territorio\/\"]}]},{\"@type\":\"ImageObject\",\"inLanguage\":\"es\",\"@id\":\"https:\/\/www.aspronis.com\/es\/aspronis-celebra-el-dia-de-la-discapacidad-en-el-territorio\/#primaryimage\",\"url\":\"https:\/\/www.aspronis.com\/wp-content\/uploads\/2023\/11\/Noticia-3-de-desembre.jpg\",\"contentUrl\":\"https:\/\/www.aspronis.com\/wp-content\/uploads\/2023\/11\/Noticia-3-de-desembre.jpg\",\"width\":1100,\"height\":500},{\"@type\":\"WebSite\",\"@id\":\"https:\/\/www.aspronis.com\/es\/#website\",\"url\":\"https:\/\/www.aspronis.com\/es\/\",\"name\":\"Aspronis\",\"description\":\"\",\"potentialAction\":[{\"@type\":\"SearchAction\",\"target\":{\"@type\":\"EntryPoint\",\"urlTemplate\":\"https:\/\/www.aspronis.com\/es\/?s={search_term_string}\"},\"query-input\":{\"@type\":\"PropertyValueSpecification\",\"valueRequired\":true,\"valueName\":\"search_term_string\"}}],\"inLanguage\":\"es\"},{\"@type\":\"Person\",\"@id\":\"https:\/\/www.aspronis.com\/es\/#\/schema\/person\/dfe563f369406fd7773cb9f5aa876561\",\"name\":\"M\u00edriam Crivill\u00e9s\",\"image\":{\"@type\":\"ImageObject\",\"inLanguage\":\"es\",\"@id\":\"https:\/\/www.aspronis.com\/es\/#\/schema\/person\/image\/\",\"url\":\"https:\/\/secure.gravatar.com\/avatar\/c08aa9bec98e7235fd3b7853c5374ac87a0bb009f9c8b89ea1020dd77307a0bf?s=96&d=mm&r=g\",\"contentUrl\":\"https:\/\/secure.gravatar.com\/avatar\/c08aa9bec98e7235fd3b7853c5374ac87a0bb009f9c8b89ea1020dd77307a0bf?s=96&d=mm&r=g\",\"caption\":\"M\u00edriam Crivill\u00e9s\"},\"url\":\"https:\/\/www.aspronis.com\/es\/author\/mcrivilles\/\"}]}<\/script>\n<!-- \/ Yoast SEO plugin. -->","yoast_head_json":{"title":"ASPRONIS celebra el d\u00eda de la discapacidad en el territorio - Aspronis","robots":{"index":"index","follow":"follow","max-snippet":"max-snippet:-1","max-image-preview":"max-image-preview:large","max-video-preview":"max-video-preview:-1"},"canonical":"https:\/\/www.aspronis.com\/es\/aspronis-celebra-el-dia-de-la-discapacidad-en-el-territorio\/","og_locale":"es_ES","og_type":"article","og_title":"ASPRONIS celebra el d\u00eda de la discapacidad en el territorio - Aspronis","og_description":"La Fundaci\u00f3n participa en actividades programadas en Palafolls y Lloret de Mar Este domingo, 3 de diciembre, con motivo del D\u00eda de la Discapacidad, la Fundaci\u00f3n ASPRONIS ha participado activamente en dos eventos organizados en Palafolls y en Lloret de Mar. Por un lado, el...","og_url":"https:\/\/www.aspronis.com\/es\/aspronis-celebra-el-dia-de-la-discapacidad-en-el-territorio\/","og_site_name":"Aspronis","article_published_time":"2023-12-04T09:56:00+00:00","article_modified_time":"2023-12-12T18:25:43+00:00","og_image":[{"width":1100,"height":500,"url":"https:\/\/www.aspronis.com\/wp-content\/uploads\/2023\/11\/Noticia-3-de-desembre.jpg","type":"image\/jpeg"}],"author":"M\u00edriam Crivill\u00e9s","twitter_card":"summary_large_image","twitter_misc":{"Escrito por":"M\u00edriam Crivill\u00e9s","Tiempo de lectura":"1 minuto"},"schema":{"@context":"https:\/\/schema.org","@graph":[{"@type":"Article","@id":"https:\/\/www.aspronis.com\/es\/aspronis-celebra-el-dia-de-la-discapacidad-en-el-territorio\/#article","isPartOf":{"@id":"https:\/\/www.aspronis.com\/es\/aspronis-celebra-el-dia-de-la-discapacidad-en-el-territorio\/"},"author":{"name":"M\u00edriam Crivill\u00e9s","@id":"https:\/\/www.aspronis.com\/es\/#\/schema\/person\/dfe563f369406fd7773cb9f5aa876561"},"headline":"ASPRONIS celebra el d\u00eda de la discapacidad en el territorio","datePublished":"2023-12-04T09:56:00+00:00","dateModified":"2023-12-12T18:25:43+00:00","mainEntityOfPage":{"@id":"https:\/\/www.aspronis.com\/es\/aspronis-celebra-el-dia-de-la-discapacidad-en-el-territorio\/"},"wordCount":305,"commentCount":0,"image":{"@id":"https:\/\/www.aspronis.com\/es\/aspronis-celebra-el-dia-de-la-discapacidad-en-el-territorio\/#primaryimage"},"thumbnailUrl":"https:\/\/www.aspronis.com\/wp-content\/uploads\/2023\/11\/Noticia-3-de-desembre.jpg","keywords":["Discapacidad","inclusi\u00f3","Lloret de Mar","Palafolls"],"articleSection":["FUNDACI\u00d3N"],"inLanguage":"es","potentialAction":[{"@type":"CommentAction","name":"Comment","target":["https:\/\/www.aspronis.com\/es\/aspronis-celebra-el-dia-de-la-discapacidad-en-el-territorio\/#respond"]}]},{"@type":"WebPage","@id":"https:\/\/www.aspronis.com\/es\/aspronis-celebra-el-dia-de-la-discapacidad-en-el-territorio\/","url":"https:\/\/www.aspronis.com\/es\/aspronis-celebra-el-dia-de-la-discapacidad-en-el-territorio\/","name":"ASPRONIS celebra el d\u00eda de la discapacidad en el territorio - Aspronis","isPartOf":{"@id":"https:\/\/www.aspronis.com\/es\/#website"},"primaryImageOfPage":{"@id":"https:\/\/www.aspronis.com\/es\/aspronis-celebra-el-dia-de-la-discapacidad-en-el-territorio\/#primaryimage"},"image":{"@id":"https:\/\/www.aspronis.com\/es\/aspronis-celebra-el-dia-de-la-discapacidad-en-el-territorio\/#primaryimage"},"thumbnailUrl":"https:\/\/www.aspronis.com\/wp-content\/uploads\/2023\/11\/Noticia-3-de-desembre.jpg","datePublished":"2023-12-04T09:56:00+00:00","dateModified":"2023-12-12T18:25:43+00:00","author":{"@id":"https:\/\/www.aspronis.com\/es\/#\/schema\/person\/dfe563f369406fd7773cb9f5aa876561"},"inLanguage":"es","potentialAction":[{"@type":"ReadAction","target":["https:\/\/www.aspronis.com\/es\/aspronis-celebra-el-dia-de-la-discapacidad-en-el-territorio\/"]}]},{"@type":"ImageObject","inLanguage":"es","@id":"https:\/\/www.aspronis.com\/es\/aspronis-celebra-el-dia-de-la-discapacidad-en-el-territorio\/#primaryimage","url":"https:\/\/www.aspronis.com\/wp-content\/uploads\/2023\/11\/Noticia-3-de-desembre.jpg","contentUrl":"https:\/\/www.aspronis.com\/wp-content\/uploads\/2023\/11\/Noticia-3-de-desembre.jpg","width":1100,"height":500},{"@type":"WebSite","@id":"https:\/\/www.aspronis.com\/es\/#website","url":"https:\/\/www.aspronis.com\/es\/","name":"Aspronis","description":"","potentialAction":[{"@type":"SearchAction","target":{"@type":"EntryPoint","urlTemplate":"https:\/\/www.aspronis.com\/es\/?s={search_term_string}"},"query-input":{"@type":"PropertyValueSpecification","valueRequired":true,"valueName":"search_term_string"}}],"inLanguage":"es"},{"@type":"Person","@id":"https:\/\/www.aspronis.com\/es\/#\/schema\/person\/dfe563f369406fd7773cb9f5aa876561","name":"M\u00edriam Crivill\u00e9s","image":{"@type":"ImageObject","inLanguage":"es","@id":"https:\/\/www.aspronis.com\/es\/#\/schema\/person\/image\/","url":"https:\/\/secure.gravatar.com\/avatar\/c08aa9bec98e7235fd3b7853c5374ac87a0bb009f9c8b89ea1020dd77307a0bf?s=96&d=mm&r=g","contentUrl":"https:\/\/secure.gravatar.com\/avatar\/c08aa9bec98e7235fd3b7853c5374ac87a0bb009f9c8b89ea1020dd77307a0bf?s=96&d=mm&r=g","caption":"M\u00edriam Crivill\u00e9s"},"url":"https:\/\/www.aspronis.com\/es\/author\/mcrivilles\/"}]}},"_links":{"self":[{"href":"https:\/\/www.aspronis.com\/es\/wp-json\/wp\/v2\/posts\/2370","targetHints":{"allow":["GET"]}}],"collection":[{"href":"https:\/\/www.aspronis.com\/es\/wp-json\/wp\/v2\/posts"}],"about":[{"href":"https:\/\/www.aspronis.com\/es\/wp-json\/wp\/v2\/types\/post"}],"author":[{"embeddable":true,"href":"https:\/\/www.aspronis.com\/es\/wp-json\/wp\/v2\/users\/16"}],"replies":[{"embeddable":true,"href":"https:\/\/www.aspronis.com\/es\/wp-json\/wp\/v2\/comments?post=2370"}],"version-history":[{"count":1,"href":"https:\/\/www.aspronis.com\/es\/wp-json\/wp\/v2\/posts\/2370\/revisions"}],"predecessor-version":[{"id":2371,"href":"https:\/\/www.aspronis.com\/es\/wp-json\/wp\/v2\/posts\/2370\/revisions\/2371"}],"wp:featuredmedia":[{"embeddable":true,"href":"https:\/\/www.aspronis.com\/es\/wp-json\/wp\/v2\/media\/2368"}],"wp:attachment":[{"href":"https:\/\/www.aspronis.com\/es\/wp-json\/wp\/v2\/media?parent=2370"}],"wp:term":[{"taxonomy":"category","embeddable":true,"href":"https:\/\/www.aspronis.com\/es\/wp-json\/wp\/v2\/categories?post=2370"},{"taxonomy":"post_tag","embeddable":true,"href":"https:\/\/www.aspronis.com\/es\/wp-json\/wp\/v2\/tags?post=2370"}],"curies":[{"name":"wp","href":"https:\/\/api.w.org\/{rel}","templated":true}]}}