{"id":2452,"date":"2024-01-15T14:22:05","date_gmt":"2024-01-15T13:22:05","guid":{"rendered":"https:\/\/www.aspronis.com\/miradas-creativas-un-taller-de-pintura-artistica-de-los-servicios-ocupacionales\/"},"modified":"2024-01-15T14:25:57","modified_gmt":"2024-01-15T13:25:57","slug":"miradas-creativas-un-taller-de-pintura-artistica-de-los-servicios-ocupacionales","status":"publish","type":"post","link":"https:\/\/www.aspronis.com\/es\/miradas-creativas-un-taller-de-pintura-artistica-de-los-servicios-ocupacionales\/","title":{"rendered":"Miradas creativas, un taller de pintura art\u00edstica de los servicios ocupacionales"},"content":{"rendered":"\n<p><em>Una exposici\u00f3n en el Casal C\u00edvic Can Borell cerrar\u00e1 el proyecto promovido por la consejer\u00eda de Cultura<\/em><\/p>\n\n<p><\/p>\n\n<p>A lo largo del a\u00f1o 2023, un grupo de 13 personas con discapacidad intelectual atendidas en los servicios ocupacionales de la Fundaci\u00f3 ASPRONIS han participado en el proyecto \u00abMiradas creativas\u00bb, un taller de formaci\u00f3n en dibujo y pintura promovido por la consejer\u00eda de Cultura de la Generalitat de Catalunya. Se trata de una convocatoria de subvenciones bienales para proyectos de cultura comunitaria y transformaci\u00f3n social, en la que la Fundaci\u00f3n ASPRONIS present\u00f3 propuesta para el fomento de la creatividad y la mejora art\u00edstica de las personas atendidas que quisieran participar.<\/p>\n\n<p>Desde hoy, la recepci\u00f3n del Casal C\u00edvico de Can Borell acoge una exposici\u00f3n de creaciones realizadas por el alumnado a lo largo del a\u00f1o, una selecci\u00f3n de 40 obras como muestra de la labor y la evoluci\u00f3n de cada persona participante. La exposici\u00f3n podr\u00e1 visitarse en horario de apertura del centro, de 9h a 13&#8217;30h y de 15h a 21h, de lunes a viernes, hasta el 31 de enero.<\/p>\n\n<p>En las clases de dibujo y pintura, las personas participantes adquirieron conocimientos diversos sobre creatividad, colores, t\u00e9cnicas y materiales. Por ejemplo, trabajaron diferentes t\u00e9cnicas: l\u00e1piz, rotulador, acuarela, collage, etc. Y tambi\u00e9n distintos estilos art\u00edsticos. Se llev\u00f3 a cabo entre enero y noviembre de 2023, con un total de 35 sesiones de una hora y media semanales, a cargo de la formadora Marta Tubert, de ARTS de Pineda de Mar.<\/p>\n\n<p><\/p>\n","protected":false},"excerpt":{"rendered":"<p>Una exposici\u00f3n en el Casal C\u00edvic Can Borell cerrar\u00e1 el proyecto promovido por la consejer\u00eda de Cultura A lo largo del a\u00f1o 2023, un grupo de 13 personas con discapacidad intelectual atendidas en los servicios ocupacionales de la Fundaci\u00f3 ASPRONIS han participado en el proyecto&#8230;<\/p>\n","protected":false},"author":4,"featured_media":2450,"comment_status":"open","ping_status":"open","sticky":false,"template":"","format":"standard","meta":{"footnotes":""},"categories":[67],"tags":[136,137,135],"class_list":["post-2452","post","type-post","status-publish","format-standard","has-post-thumbnail","hentry","category-fundacio","tag-soi-es","tag-sto-es","tag-taller-pintura-es"],"yoast_head":"<!-- This site is optimized with the Yoast SEO plugin v26.8 - https:\/\/yoast.com\/product\/yoast-seo-wordpress\/ -->\n<title>Miradas creativas, un taller de pintura art\u00edstica de los servicios ocupacionales - Aspronis<\/title>\n<meta name=\"robots\" content=\"index, follow, max-snippet:-1, max-image-preview:large, max-video-preview:-1\" \/>\n<link rel=\"canonical\" href=\"https:\/\/www.aspronis.com\/es\/miradas-creativas-un-taller-de-pintura-artistica-de-los-servicios-ocupacionales\/\" \/>\n<meta property=\"og:locale\" content=\"es_ES\" \/>\n<meta property=\"og:type\" content=\"article\" \/>\n<meta property=\"og:title\" content=\"Miradas creativas, un taller de pintura art\u00edstica de los servicios ocupacionales - Aspronis\" \/>\n<meta property=\"og:description\" content=\"Una exposici\u00f3n en el Casal C\u00edvic Can Borell cerrar\u00e1 el proyecto promovido por la consejer\u00eda de Cultura A lo largo del a\u00f1o 2023, un grupo de 13 personas con discapacidad intelectual atendidas en los servicios ocupacionales de la Fundaci\u00f3 ASPRONIS han participado en el proyecto...\" \/>\n<meta property=\"og:url\" content=\"https:\/\/www.aspronis.com\/es\/miradas-creativas-un-taller-de-pintura-artistica-de-los-servicios-ocupacionales\/\" \/>\n<meta property=\"og:site_name\" content=\"Aspronis\" \/>\n<meta property=\"article:published_time\" content=\"2024-01-15T13:22:05+00:00\" \/>\n<meta property=\"article:modified_time\" content=\"2024-01-15T13:25:57+00:00\" \/>\n<meta property=\"og:image\" content=\"https:\/\/www.aspronis.com\/wp-content\/uploads\/2024\/01\/Mirades-Creatives_web.jpg\" \/>\n\t<meta property=\"og:image:width\" content=\"1100\" \/>\n\t<meta property=\"og:image:height\" content=\"500\" \/>\n\t<meta property=\"og:image:type\" content=\"image\/jpeg\" \/>\n<meta name=\"author\" content=\"lluis\" \/>\n<meta name=\"twitter:card\" content=\"summary_large_image\" \/>\n<meta name=\"twitter:label1\" content=\"Escrito por\" \/>\n\t<meta name=\"twitter:data1\" content=\"lluis\" \/>\n\t<meta name=\"twitter:label2\" content=\"Tiempo de lectura\" \/>\n\t<meta name=\"twitter:data2\" content=\"1 minuto\" \/>\n<script type=\"application\/ld+json\" class=\"yoast-schema-graph\">{\"@context\":\"https:\/\/schema.org\",\"@graph\":[{\"@type\":\"Article\",\"@id\":\"https:\/\/www.aspronis.com\/es\/miradas-creativas-un-taller-de-pintura-artistica-de-los-servicios-ocupacionales\/#article\",\"isPartOf\":{\"@id\":\"https:\/\/www.aspronis.com\/es\/miradas-creativas-un-taller-de-pintura-artistica-de-los-servicios-ocupacionales\/\"},\"author\":{\"name\":\"lluis\",\"@id\":\"https:\/\/www.aspronis.com\/es\/#\/schema\/person\/fdba581f9039e5f32fda627c71b23e33\"},\"headline\":\"Miradas creativas, un taller de pintura art\u00edstica de los servicios ocupacionales\",\"datePublished\":\"2024-01-15T13:22:05+00:00\",\"dateModified\":\"2024-01-15T13:25:57+00:00\",\"mainEntityOfPage\":{\"@id\":\"https:\/\/www.aspronis.com\/es\/miradas-creativas-un-taller-de-pintura-artistica-de-los-servicios-ocupacionales\/\"},\"wordCount\":272,\"commentCount\":0,\"image\":{\"@id\":\"https:\/\/www.aspronis.com\/es\/miradas-creativas-un-taller-de-pintura-artistica-de-los-servicios-ocupacionales\/#primaryimage\"},\"thumbnailUrl\":\"https:\/\/www.aspronis.com\/wp-content\/uploads\/2024\/01\/Mirades-Creatives_web.jpg\",\"keywords\":[\"SOI\",\"STO\",\"Taller pintura\"],\"articleSection\":[\"FUNDACI\u00d3\"],\"inLanguage\":\"es\",\"potentialAction\":[{\"@type\":\"CommentAction\",\"name\":\"Comment\",\"target\":[\"https:\/\/www.aspronis.com\/es\/miradas-creativas-un-taller-de-pintura-artistica-de-los-servicios-ocupacionales\/#respond\"]}]},{\"@type\":\"WebPage\",\"@id\":\"https:\/\/www.aspronis.com\/es\/miradas-creativas-un-taller-de-pintura-artistica-de-los-servicios-ocupacionales\/\",\"url\":\"https:\/\/www.aspronis.com\/es\/miradas-creativas-un-taller-de-pintura-artistica-de-los-servicios-ocupacionales\/\",\"name\":\"Miradas creativas, un taller de pintura art\u00edstica de los servicios ocupacionales - Aspronis\",\"isPartOf\":{\"@id\":\"https:\/\/www.aspronis.com\/es\/#website\"},\"primaryImageOfPage\":{\"@id\":\"https:\/\/www.aspronis.com\/es\/miradas-creativas-un-taller-de-pintura-artistica-de-los-servicios-ocupacionales\/#primaryimage\"},\"image\":{\"@id\":\"https:\/\/www.aspronis.com\/es\/miradas-creativas-un-taller-de-pintura-artistica-de-los-servicios-ocupacionales\/#primaryimage\"},\"thumbnailUrl\":\"https:\/\/www.aspronis.com\/wp-content\/uploads\/2024\/01\/Mirades-Creatives_web.jpg\",\"datePublished\":\"2024-01-15T13:22:05+00:00\",\"dateModified\":\"2024-01-15T13:25:57+00:00\",\"author\":{\"@id\":\"https:\/\/www.aspronis.com\/es\/#\/schema\/person\/fdba581f9039e5f32fda627c71b23e33\"},\"inLanguage\":\"es\",\"potentialAction\":[{\"@type\":\"ReadAction\",\"target\":[\"https:\/\/www.aspronis.com\/es\/miradas-creativas-un-taller-de-pintura-artistica-de-los-servicios-ocupacionales\/\"]}]},{\"@type\":\"ImageObject\",\"inLanguage\":\"es\",\"@id\":\"https:\/\/www.aspronis.com\/es\/miradas-creativas-un-taller-de-pintura-artistica-de-los-servicios-ocupacionales\/#primaryimage\",\"url\":\"https:\/\/www.aspronis.com\/wp-content\/uploads\/2024\/01\/Mirades-Creatives_web.jpg\",\"contentUrl\":\"https:\/\/www.aspronis.com\/wp-content\/uploads\/2024\/01\/Mirades-Creatives_web.jpg\",\"width\":1100,\"height\":500},{\"@type\":\"WebSite\",\"@id\":\"https:\/\/www.aspronis.com\/es\/#website\",\"url\":\"https:\/\/www.aspronis.com\/es\/\",\"name\":\"Aspronis\",\"description\":\"\",\"potentialAction\":[{\"@type\":\"SearchAction\",\"target\":{\"@type\":\"EntryPoint\",\"urlTemplate\":\"https:\/\/www.aspronis.com\/es\/?s={search_term_string}\"},\"query-input\":{\"@type\":\"PropertyValueSpecification\",\"valueRequired\":true,\"valueName\":\"search_term_string\"}}],\"inLanguage\":\"es\"},{\"@type\":\"Person\",\"@id\":\"https:\/\/www.aspronis.com\/es\/#\/schema\/person\/fdba581f9039e5f32fda627c71b23e33\",\"name\":\"lluis\",\"image\":{\"@type\":\"ImageObject\",\"inLanguage\":\"es\",\"@id\":\"https:\/\/www.aspronis.com\/es\/#\/schema\/person\/image\/\",\"url\":\"https:\/\/secure.gravatar.com\/avatar\/05a05a2ab9e15e6c344e12b29751334f99aeaad6873b77da91c5e1bddbda8634?s=96&d=mm&r=g\",\"contentUrl\":\"https:\/\/secure.gravatar.com\/avatar\/05a05a2ab9e15e6c344e12b29751334f99aeaad6873b77da91c5e1bddbda8634?s=96&d=mm&r=g\",\"caption\":\"lluis\"},\"url\":\"https:\/\/www.aspronis.com\/es\/author\/lluis\/\"}]}<\/script>\n<!-- \/ Yoast SEO plugin. -->","yoast_head_json":{"title":"Miradas creativas, un taller de pintura art\u00edstica de los servicios ocupacionales - Aspronis","robots":{"index":"index","follow":"follow","max-snippet":"max-snippet:-1","max-image-preview":"max-image-preview:large","max-video-preview":"max-video-preview:-1"},"canonical":"https:\/\/www.aspronis.com\/es\/miradas-creativas-un-taller-de-pintura-artistica-de-los-servicios-ocupacionales\/","og_locale":"es_ES","og_type":"article","og_title":"Miradas creativas, un taller de pintura art\u00edstica de los servicios ocupacionales - Aspronis","og_description":"Una exposici\u00f3n en el Casal C\u00edvic Can Borell cerrar\u00e1 el proyecto promovido por la consejer\u00eda de Cultura A lo largo del a\u00f1o 2023, un grupo de 13 personas con discapacidad intelectual atendidas en los servicios ocupacionales de la Fundaci\u00f3 ASPRONIS han participado en el proyecto...","og_url":"https:\/\/www.aspronis.com\/es\/miradas-creativas-un-taller-de-pintura-artistica-de-los-servicios-ocupacionales\/","og_site_name":"Aspronis","article_published_time":"2024-01-15T13:22:05+00:00","article_modified_time":"2024-01-15T13:25:57+00:00","og_image":[{"width":1100,"height":500,"url":"https:\/\/www.aspronis.com\/wp-content\/uploads\/2024\/01\/Mirades-Creatives_web.jpg","type":"image\/jpeg"}],"author":"lluis","twitter_card":"summary_large_image","twitter_misc":{"Escrito por":"lluis","Tiempo de lectura":"1 minuto"},"schema":{"@context":"https:\/\/schema.org","@graph":[{"@type":"Article","@id":"https:\/\/www.aspronis.com\/es\/miradas-creativas-un-taller-de-pintura-artistica-de-los-servicios-ocupacionales\/#article","isPartOf":{"@id":"https:\/\/www.aspronis.com\/es\/miradas-creativas-un-taller-de-pintura-artistica-de-los-servicios-ocupacionales\/"},"author":{"name":"lluis","@id":"https:\/\/www.aspronis.com\/es\/#\/schema\/person\/fdba581f9039e5f32fda627c71b23e33"},"headline":"Miradas creativas, un taller de pintura art\u00edstica de los servicios ocupacionales","datePublished":"2024-01-15T13:22:05+00:00","dateModified":"2024-01-15T13:25:57+00:00","mainEntityOfPage":{"@id":"https:\/\/www.aspronis.com\/es\/miradas-creativas-un-taller-de-pintura-artistica-de-los-servicios-ocupacionales\/"},"wordCount":272,"commentCount":0,"image":{"@id":"https:\/\/www.aspronis.com\/es\/miradas-creativas-un-taller-de-pintura-artistica-de-los-servicios-ocupacionales\/#primaryimage"},"thumbnailUrl":"https:\/\/www.aspronis.com\/wp-content\/uploads\/2024\/01\/Mirades-Creatives_web.jpg","keywords":["SOI","STO","Taller pintura"],"articleSection":["FUNDACI\u00d3"],"inLanguage":"es","potentialAction":[{"@type":"CommentAction","name":"Comment","target":["https:\/\/www.aspronis.com\/es\/miradas-creativas-un-taller-de-pintura-artistica-de-los-servicios-ocupacionales\/#respond"]}]},{"@type":"WebPage","@id":"https:\/\/www.aspronis.com\/es\/miradas-creativas-un-taller-de-pintura-artistica-de-los-servicios-ocupacionales\/","url":"https:\/\/www.aspronis.com\/es\/miradas-creativas-un-taller-de-pintura-artistica-de-los-servicios-ocupacionales\/","name":"Miradas creativas, un taller de pintura art\u00edstica de los servicios ocupacionales - Aspronis","isPartOf":{"@id":"https:\/\/www.aspronis.com\/es\/#website"},"primaryImageOfPage":{"@id":"https:\/\/www.aspronis.com\/es\/miradas-creativas-un-taller-de-pintura-artistica-de-los-servicios-ocupacionales\/#primaryimage"},"image":{"@id":"https:\/\/www.aspronis.com\/es\/miradas-creativas-un-taller-de-pintura-artistica-de-los-servicios-ocupacionales\/#primaryimage"},"thumbnailUrl":"https:\/\/www.aspronis.com\/wp-content\/uploads\/2024\/01\/Mirades-Creatives_web.jpg","datePublished":"2024-01-15T13:22:05+00:00","dateModified":"2024-01-15T13:25:57+00:00","author":{"@id":"https:\/\/www.aspronis.com\/es\/#\/schema\/person\/fdba581f9039e5f32fda627c71b23e33"},"inLanguage":"es","potentialAction":[{"@type":"ReadAction","target":["https:\/\/www.aspronis.com\/es\/miradas-creativas-un-taller-de-pintura-artistica-de-los-servicios-ocupacionales\/"]}]},{"@type":"ImageObject","inLanguage":"es","@id":"https:\/\/www.aspronis.com\/es\/miradas-creativas-un-taller-de-pintura-artistica-de-los-servicios-ocupacionales\/#primaryimage","url":"https:\/\/www.aspronis.com\/wp-content\/uploads\/2024\/01\/Mirades-Creatives_web.jpg","contentUrl":"https:\/\/www.aspronis.com\/wp-content\/uploads\/2024\/01\/Mirades-Creatives_web.jpg","width":1100,"height":500},{"@type":"WebSite","@id":"https:\/\/www.aspronis.com\/es\/#website","url":"https:\/\/www.aspronis.com\/es\/","name":"Aspronis","description":"","potentialAction":[{"@type":"SearchAction","target":{"@type":"EntryPoint","urlTemplate":"https:\/\/www.aspronis.com\/es\/?s={search_term_string}"},"query-input":{"@type":"PropertyValueSpecification","valueRequired":true,"valueName":"search_term_string"}}],"inLanguage":"es"},{"@type":"Person","@id":"https:\/\/www.aspronis.com\/es\/#\/schema\/person\/fdba581f9039e5f32fda627c71b23e33","name":"lluis","image":{"@type":"ImageObject","inLanguage":"es","@id":"https:\/\/www.aspronis.com\/es\/#\/schema\/person\/image\/","url":"https:\/\/secure.gravatar.com\/avatar\/05a05a2ab9e15e6c344e12b29751334f99aeaad6873b77da91c5e1bddbda8634?s=96&d=mm&r=g","contentUrl":"https:\/\/secure.gravatar.com\/avatar\/05a05a2ab9e15e6c344e12b29751334f99aeaad6873b77da91c5e1bddbda8634?s=96&d=mm&r=g","caption":"lluis"},"url":"https:\/\/www.aspronis.com\/es\/author\/lluis\/"}]}},"_links":{"self":[{"href":"https:\/\/www.aspronis.com\/es\/wp-json\/wp\/v2\/posts\/2452","targetHints":{"allow":["GET"]}}],"collection":[{"href":"https:\/\/www.aspronis.com\/es\/wp-json\/wp\/v2\/posts"}],"about":[{"href":"https:\/\/www.aspronis.com\/es\/wp-json\/wp\/v2\/types\/post"}],"author":[{"embeddable":true,"href":"https:\/\/www.aspronis.com\/es\/wp-json\/wp\/v2\/users\/4"}],"replies":[{"embeddable":true,"href":"https:\/\/www.aspronis.com\/es\/wp-json\/wp\/v2\/comments?post=2452"}],"version-history":[{"count":1,"href":"https:\/\/www.aspronis.com\/es\/wp-json\/wp\/v2\/posts\/2452\/revisions"}],"predecessor-version":[{"id":2453,"href":"https:\/\/www.aspronis.com\/es\/wp-json\/wp\/v2\/posts\/2452\/revisions\/2453"}],"wp:featuredmedia":[{"embeddable":true,"href":"https:\/\/www.aspronis.com\/es\/wp-json\/wp\/v2\/media\/2450"}],"wp:attachment":[{"href":"https:\/\/www.aspronis.com\/es\/wp-json\/wp\/v2\/media?parent=2452"}],"wp:term":[{"taxonomy":"category","embeddable":true,"href":"https:\/\/www.aspronis.com\/es\/wp-json\/wp\/v2\/categories?post=2452"},{"taxonomy":"post_tag","embeddable":true,"href":"https:\/\/www.aspronis.com\/es\/wp-json\/wp\/v2\/tags?post=2452"}],"curies":[{"name":"wp","href":"https:\/\/api.w.org\/{rel}","templated":true}]}}