{"id":2564,"date":"2023-11-02T09:21:49","date_gmt":"2023-11-02T08:21:49","guid":{"rendered":"https:\/\/www.aspronis.com\/donacion-de-equipos-informaticos-del-programa-upc-reutiliza\/"},"modified":"2024-03-07T09:47:32","modified_gmt":"2024-03-07T08:47:32","slug":"donacion-de-equipos-informaticos-del-programa-upc-reutiliza","status":"publish","type":"post","link":"https:\/\/www.aspronis.com\/es\/donacion-de-equipos-informaticos-del-programa-upc-reutiliza\/","title":{"rendered":"Donaci\u00f3n de equipos inform\u00e1ticos del Programa UPC Reutiliza"},"content":{"rendered":"\n<p>Hace unos d\u00edas, la Fundaci\u00f3n ASPRONIS recibi\u00f3 13 ordenadores completos (torres, teclados y ratones) mediante el Programa Reutiliza de la Universidad Polit\u00e9cnica de Catalu\u00f1a, una iniciativa que combina el aprendizaje con el servicio social, cuyo objetivo es la reutilizaci\u00f3n de los equipos y recursos inform\u00e1ticos que se renuevan tanto en la propia universidad como en otras instituciones, y que se dan despu\u00e9s de una puesta a punto a entidades de inter\u00e9s social y de programas solidarios. Ocho de los ordenadores recibidos se utilizar\u00e1n en el Servicio Ocupacional de Inserci\u00f3n (SOI), el servicio prelaboral, y los cinco restantes, en el Servicio de Terapia Ocupacional (STO).<\/p>\n\n<p><\/p>\n\n<p>En el caso concreto del SOI, un total de 63 personas con discapacidad intelectual realizan actividades de ajuste personal y social -destinadas a la mejora en la relaci\u00f3n con el entorno-, y tareas prelaborales -orientadas a favorecer la adquisici\u00f3n o el mantenimiento de h\u00e1bitos laborales y conocimientos profesionales que puedan facilitar su integraci\u00f3n futura en el \u00e1mbito laboral, ya sea en el Centro Especial de Trabajo de la Fundaci\u00f3n ASPRONIS o en una empresa. Contar con ordenadores es vital hoy en d\u00eda para cualquier persona que se est\u00e9 formando para entrar en el mundo laboral y con frecuencia necesarias para poder desarrollarse en un puesto de trabajo.<\/p>\n\n<p><\/p>\n\n<p>Por eso, desde el servicio se hizo solicitud de los equipos inform\u00e1ticos al Programa UPC Reutiliza, que servir\u00e1n para que las personas se familiaricen con el manejo de herramientas inform\u00e1ticas y de las nuevas tecnolog\u00edas, muy importantes en la \u00e9poca en que vivimos . Con los ordenadores podr\u00e1n realizar el taller de alfabetizaci\u00f3n digital que cada a\u00f1o se imparte en el servicio y mejorar las competencias b\u00e1sicas como la escritura, el c\u00e1lculo, conocer el euro, et<\/p>\n\n<p><\/p>\n\n<p>Los equipos tambi\u00e9n se utilizar\u00e1n para realizar formaci\u00f3n en la elaboraci\u00f3n del Curr\u00edculum Vitae y trabajar otras habilidades laborales. Tambi\u00e9n permitir\u00e1n la b\u00fasqueda de informaci\u00f3n en Internet o para algunas actividades de ocio en el tiempo libre del servicio.<\/p>\n\n<p><\/p>\n\n<p>En el Servicio Ocupacional, los ordenadores recibidos se destinar\u00e1n a la estimulaci\u00f3n cognitiva de algunos de los grupos de personas atendidas en el centro.<\/p>\n","protected":false},"excerpt":{"rendered":"<p>Hace unos d\u00edas, la Fundaci\u00f3n ASPRONIS recibi\u00f3 13 ordenadores completos (torres, teclados y ratones) mediante el Programa Reutiliza de la Universidad Polit\u00e9cnica de Catalu\u00f1a, una iniciativa que combina el aprendizaje con el servicio social, cuyo objetivo es la reutilizaci\u00f3n de los equipos y recursos inform\u00e1ticos&#8230;<\/p>\n","protected":false},"author":4,"featured_media":2561,"comment_status":"open","ping_status":"open","sticky":false,"template":"","format":"standard","meta":{"footnotes":""},"categories":[46,69],"tags":[149,148],"class_list":["post-2564","post","type-post","status-publish","format-standard","has-post-thumbnail","hentry","category-colabora","category-fundacion","tag-reutilitza-es","tag-upc-es"],"yoast_head":"<!-- This site is optimized with the Yoast SEO plugin v26.8 - https:\/\/yoast.com\/product\/yoast-seo-wordpress\/ -->\n<title>Donaci\u00f3n de equipos inform\u00e1ticos del Programa UPC Reutiliza - Aspronis<\/title>\n<meta name=\"robots\" content=\"index, follow, max-snippet:-1, max-image-preview:large, max-video-preview:-1\" \/>\n<link rel=\"canonical\" href=\"https:\/\/www.aspronis.com\/es\/donacion-de-equipos-informaticos-del-programa-upc-reutiliza\/\" \/>\n<meta property=\"og:locale\" content=\"es_ES\" \/>\n<meta property=\"og:type\" content=\"article\" \/>\n<meta property=\"og:title\" content=\"Donaci\u00f3n de equipos inform\u00e1ticos del Programa UPC Reutiliza - Aspronis\" \/>\n<meta property=\"og:description\" content=\"Hace unos d\u00edas, la Fundaci\u00f3n ASPRONIS recibi\u00f3 13 ordenadores completos (torres, teclados y ratones) mediante el Programa Reutiliza de la Universidad Polit\u00e9cnica de Catalu\u00f1a, una iniciativa que combina el aprendizaje con el servicio social, cuyo objetivo es la reutilizaci\u00f3n de los equipos y recursos inform\u00e1ticos...\" \/>\n<meta property=\"og:url\" content=\"https:\/\/www.aspronis.com\/es\/donacion-de-equipos-informaticos-del-programa-upc-reutiliza\/\" \/>\n<meta property=\"og:site_name\" content=\"Aspronis\" \/>\n<meta property=\"article:published_time\" content=\"2023-11-02T08:21:49+00:00\" \/>\n<meta property=\"article:modified_time\" content=\"2024-03-07T08:47:32+00:00\" \/>\n<meta property=\"og:image\" content=\"https:\/\/www.aspronis.com\/wp-content\/uploads\/2024\/03\/UPC-reutilitza.jpg\" \/>\n\t<meta property=\"og:image:width\" content=\"1100\" \/>\n\t<meta property=\"og:image:height\" content=\"500\" \/>\n\t<meta property=\"og:image:type\" content=\"image\/jpeg\" \/>\n<meta name=\"author\" content=\"lluis\" \/>\n<meta name=\"twitter:card\" content=\"summary_large_image\" \/>\n<meta name=\"twitter:label1\" content=\"Escrito por\" \/>\n\t<meta name=\"twitter:data1\" content=\"lluis\" \/>\n\t<meta name=\"twitter:label2\" content=\"Tiempo de lectura\" \/>\n\t<meta name=\"twitter:data2\" content=\"2 minutos\" \/>\n<script type=\"application\/ld+json\" class=\"yoast-schema-graph\">{\"@context\":\"https:\/\/schema.org\",\"@graph\":[{\"@type\":\"Article\",\"@id\":\"https:\/\/www.aspronis.com\/es\/donacion-de-equipos-informaticos-del-programa-upc-reutiliza\/#article\",\"isPartOf\":{\"@id\":\"https:\/\/www.aspronis.com\/es\/donacion-de-equipos-informaticos-del-programa-upc-reutiliza\/\"},\"author\":{\"name\":\"lluis\",\"@id\":\"https:\/\/www.aspronis.com\/es\/#\/schema\/person\/fdba581f9039e5f32fda627c71b23e33\"},\"headline\":\"Donaci\u00f3n de equipos inform\u00e1ticos del Programa UPC Reutiliza\",\"datePublished\":\"2023-11-02T08:21:49+00:00\",\"dateModified\":\"2024-03-07T08:47:32+00:00\",\"mainEntityOfPage\":{\"@id\":\"https:\/\/www.aspronis.com\/es\/donacion-de-equipos-informaticos-del-programa-upc-reutiliza\/\"},\"wordCount\":393,\"commentCount\":0,\"image\":{\"@id\":\"https:\/\/www.aspronis.com\/es\/donacion-de-equipos-informaticos-del-programa-upc-reutiliza\/#primaryimage\"},\"thumbnailUrl\":\"https:\/\/www.aspronis.com\/wp-content\/uploads\/2024\/03\/UPC-reutilitza.jpg\",\"keywords\":[\"Reutilitza\",\"UPC\"],\"articleSection\":[\"COLABORA\",\"FUNDACI\u00d3N\"],\"inLanguage\":\"es\",\"potentialAction\":[{\"@type\":\"CommentAction\",\"name\":\"Comment\",\"target\":[\"https:\/\/www.aspronis.com\/es\/donacion-de-equipos-informaticos-del-programa-upc-reutiliza\/#respond\"]}]},{\"@type\":\"WebPage\",\"@id\":\"https:\/\/www.aspronis.com\/es\/donacion-de-equipos-informaticos-del-programa-upc-reutiliza\/\",\"url\":\"https:\/\/www.aspronis.com\/es\/donacion-de-equipos-informaticos-del-programa-upc-reutiliza\/\",\"name\":\"Donaci\u00f3n de equipos inform\u00e1ticos del Programa UPC Reutiliza - Aspronis\",\"isPartOf\":{\"@id\":\"https:\/\/www.aspronis.com\/es\/#website\"},\"primaryImageOfPage\":{\"@id\":\"https:\/\/www.aspronis.com\/es\/donacion-de-equipos-informaticos-del-programa-upc-reutiliza\/#primaryimage\"},\"image\":{\"@id\":\"https:\/\/www.aspronis.com\/es\/donacion-de-equipos-informaticos-del-programa-upc-reutiliza\/#primaryimage\"},\"thumbnailUrl\":\"https:\/\/www.aspronis.com\/wp-content\/uploads\/2024\/03\/UPC-reutilitza.jpg\",\"datePublished\":\"2023-11-02T08:21:49+00:00\",\"dateModified\":\"2024-03-07T08:47:32+00:00\",\"author\":{\"@id\":\"https:\/\/www.aspronis.com\/es\/#\/schema\/person\/fdba581f9039e5f32fda627c71b23e33\"},\"inLanguage\":\"es\",\"potentialAction\":[{\"@type\":\"ReadAction\",\"target\":[\"https:\/\/www.aspronis.com\/es\/donacion-de-equipos-informaticos-del-programa-upc-reutiliza\/\"]}]},{\"@type\":\"ImageObject\",\"inLanguage\":\"es\",\"@id\":\"https:\/\/www.aspronis.com\/es\/donacion-de-equipos-informaticos-del-programa-upc-reutiliza\/#primaryimage\",\"url\":\"https:\/\/www.aspronis.com\/wp-content\/uploads\/2024\/03\/UPC-reutilitza.jpg\",\"contentUrl\":\"https:\/\/www.aspronis.com\/wp-content\/uploads\/2024\/03\/UPC-reutilitza.jpg\",\"width\":1100,\"height\":500},{\"@type\":\"WebSite\",\"@id\":\"https:\/\/www.aspronis.com\/es\/#website\",\"url\":\"https:\/\/www.aspronis.com\/es\/\",\"name\":\"Aspronis\",\"description\":\"\",\"potentialAction\":[{\"@type\":\"SearchAction\",\"target\":{\"@type\":\"EntryPoint\",\"urlTemplate\":\"https:\/\/www.aspronis.com\/es\/?s={search_term_string}\"},\"query-input\":{\"@type\":\"PropertyValueSpecification\",\"valueRequired\":true,\"valueName\":\"search_term_string\"}}],\"inLanguage\":\"es\"},{\"@type\":\"Person\",\"@id\":\"https:\/\/www.aspronis.com\/es\/#\/schema\/person\/fdba581f9039e5f32fda627c71b23e33\",\"name\":\"lluis\",\"image\":{\"@type\":\"ImageObject\",\"inLanguage\":\"es\",\"@id\":\"https:\/\/www.aspronis.com\/es\/#\/schema\/person\/image\/\",\"url\":\"https:\/\/secure.gravatar.com\/avatar\/05a05a2ab9e15e6c344e12b29751334f99aeaad6873b77da91c5e1bddbda8634?s=96&d=mm&r=g\",\"contentUrl\":\"https:\/\/secure.gravatar.com\/avatar\/05a05a2ab9e15e6c344e12b29751334f99aeaad6873b77da91c5e1bddbda8634?s=96&d=mm&r=g\",\"caption\":\"lluis\"},\"url\":\"https:\/\/www.aspronis.com\/es\/author\/lluis\/\"}]}<\/script>\n<!-- \/ Yoast SEO plugin. -->","yoast_head_json":{"title":"Donaci\u00f3n de equipos inform\u00e1ticos del Programa UPC Reutiliza - Aspronis","robots":{"index":"index","follow":"follow","max-snippet":"max-snippet:-1","max-image-preview":"max-image-preview:large","max-video-preview":"max-video-preview:-1"},"canonical":"https:\/\/www.aspronis.com\/es\/donacion-de-equipos-informaticos-del-programa-upc-reutiliza\/","og_locale":"es_ES","og_type":"article","og_title":"Donaci\u00f3n de equipos inform\u00e1ticos del Programa UPC Reutiliza - Aspronis","og_description":"Hace unos d\u00edas, la Fundaci\u00f3n ASPRONIS recibi\u00f3 13 ordenadores completos (torres, teclados y ratones) mediante el Programa Reutiliza de la Universidad Polit\u00e9cnica de Catalu\u00f1a, una iniciativa que combina el aprendizaje con el servicio social, cuyo objetivo es la reutilizaci\u00f3n de los equipos y recursos inform\u00e1ticos...","og_url":"https:\/\/www.aspronis.com\/es\/donacion-de-equipos-informaticos-del-programa-upc-reutiliza\/","og_site_name":"Aspronis","article_published_time":"2023-11-02T08:21:49+00:00","article_modified_time":"2024-03-07T08:47:32+00:00","og_image":[{"width":1100,"height":500,"url":"https:\/\/www.aspronis.com\/wp-content\/uploads\/2024\/03\/UPC-reutilitza.jpg","type":"image\/jpeg"}],"author":"lluis","twitter_card":"summary_large_image","twitter_misc":{"Escrito por":"lluis","Tiempo de lectura":"2 minutos"},"schema":{"@context":"https:\/\/schema.org","@graph":[{"@type":"Article","@id":"https:\/\/www.aspronis.com\/es\/donacion-de-equipos-informaticos-del-programa-upc-reutiliza\/#article","isPartOf":{"@id":"https:\/\/www.aspronis.com\/es\/donacion-de-equipos-informaticos-del-programa-upc-reutiliza\/"},"author":{"name":"lluis","@id":"https:\/\/www.aspronis.com\/es\/#\/schema\/person\/fdba581f9039e5f32fda627c71b23e33"},"headline":"Donaci\u00f3n de equipos inform\u00e1ticos del Programa UPC Reutiliza","datePublished":"2023-11-02T08:21:49+00:00","dateModified":"2024-03-07T08:47:32+00:00","mainEntityOfPage":{"@id":"https:\/\/www.aspronis.com\/es\/donacion-de-equipos-informaticos-del-programa-upc-reutiliza\/"},"wordCount":393,"commentCount":0,"image":{"@id":"https:\/\/www.aspronis.com\/es\/donacion-de-equipos-informaticos-del-programa-upc-reutiliza\/#primaryimage"},"thumbnailUrl":"https:\/\/www.aspronis.com\/wp-content\/uploads\/2024\/03\/UPC-reutilitza.jpg","keywords":["Reutilitza","UPC"],"articleSection":["COLABORA","FUNDACI\u00d3N"],"inLanguage":"es","potentialAction":[{"@type":"CommentAction","name":"Comment","target":["https:\/\/www.aspronis.com\/es\/donacion-de-equipos-informaticos-del-programa-upc-reutiliza\/#respond"]}]},{"@type":"WebPage","@id":"https:\/\/www.aspronis.com\/es\/donacion-de-equipos-informaticos-del-programa-upc-reutiliza\/","url":"https:\/\/www.aspronis.com\/es\/donacion-de-equipos-informaticos-del-programa-upc-reutiliza\/","name":"Donaci\u00f3n de equipos inform\u00e1ticos del Programa UPC Reutiliza - Aspronis","isPartOf":{"@id":"https:\/\/www.aspronis.com\/es\/#website"},"primaryImageOfPage":{"@id":"https:\/\/www.aspronis.com\/es\/donacion-de-equipos-informaticos-del-programa-upc-reutiliza\/#primaryimage"},"image":{"@id":"https:\/\/www.aspronis.com\/es\/donacion-de-equipos-informaticos-del-programa-upc-reutiliza\/#primaryimage"},"thumbnailUrl":"https:\/\/www.aspronis.com\/wp-content\/uploads\/2024\/03\/UPC-reutilitza.jpg","datePublished":"2023-11-02T08:21:49+00:00","dateModified":"2024-03-07T08:47:32+00:00","author":{"@id":"https:\/\/www.aspronis.com\/es\/#\/schema\/person\/fdba581f9039e5f32fda627c71b23e33"},"inLanguage":"es","potentialAction":[{"@type":"ReadAction","target":["https:\/\/www.aspronis.com\/es\/donacion-de-equipos-informaticos-del-programa-upc-reutiliza\/"]}]},{"@type":"ImageObject","inLanguage":"es","@id":"https:\/\/www.aspronis.com\/es\/donacion-de-equipos-informaticos-del-programa-upc-reutiliza\/#primaryimage","url":"https:\/\/www.aspronis.com\/wp-content\/uploads\/2024\/03\/UPC-reutilitza.jpg","contentUrl":"https:\/\/www.aspronis.com\/wp-content\/uploads\/2024\/03\/UPC-reutilitza.jpg","width":1100,"height":500},{"@type":"WebSite","@id":"https:\/\/www.aspronis.com\/es\/#website","url":"https:\/\/www.aspronis.com\/es\/","name":"Aspronis","description":"","potentialAction":[{"@type":"SearchAction","target":{"@type":"EntryPoint","urlTemplate":"https:\/\/www.aspronis.com\/es\/?s={search_term_string}"},"query-input":{"@type":"PropertyValueSpecification","valueRequired":true,"valueName":"search_term_string"}}],"inLanguage":"es"},{"@type":"Person","@id":"https:\/\/www.aspronis.com\/es\/#\/schema\/person\/fdba581f9039e5f32fda627c71b23e33","name":"lluis","image":{"@type":"ImageObject","inLanguage":"es","@id":"https:\/\/www.aspronis.com\/es\/#\/schema\/person\/image\/","url":"https:\/\/secure.gravatar.com\/avatar\/05a05a2ab9e15e6c344e12b29751334f99aeaad6873b77da91c5e1bddbda8634?s=96&d=mm&r=g","contentUrl":"https:\/\/secure.gravatar.com\/avatar\/05a05a2ab9e15e6c344e12b29751334f99aeaad6873b77da91c5e1bddbda8634?s=96&d=mm&r=g","caption":"lluis"},"url":"https:\/\/www.aspronis.com\/es\/author\/lluis\/"}]}},"_links":{"self":[{"href":"https:\/\/www.aspronis.com\/es\/wp-json\/wp\/v2\/posts\/2564","targetHints":{"allow":["GET"]}}],"collection":[{"href":"https:\/\/www.aspronis.com\/es\/wp-json\/wp\/v2\/posts"}],"about":[{"href":"https:\/\/www.aspronis.com\/es\/wp-json\/wp\/v2\/types\/post"}],"author":[{"embeddable":true,"href":"https:\/\/www.aspronis.com\/es\/wp-json\/wp\/v2\/users\/4"}],"replies":[{"embeddable":true,"href":"https:\/\/www.aspronis.com\/es\/wp-json\/wp\/v2\/comments?post=2564"}],"version-history":[{"count":2,"href":"https:\/\/www.aspronis.com\/es\/wp-json\/wp\/v2\/posts\/2564\/revisions"}],"predecessor-version":[{"id":2568,"href":"https:\/\/www.aspronis.com\/es\/wp-json\/wp\/v2\/posts\/2564\/revisions\/2568"}],"wp:featuredmedia":[{"embeddable":true,"href":"https:\/\/www.aspronis.com\/es\/wp-json\/wp\/v2\/media\/2561"}],"wp:attachment":[{"href":"https:\/\/www.aspronis.com\/es\/wp-json\/wp\/v2\/media?parent=2564"}],"wp:term":[{"taxonomy":"category","embeddable":true,"href":"https:\/\/www.aspronis.com\/es\/wp-json\/wp\/v2\/categories?post=2564"},{"taxonomy":"post_tag","embeddable":true,"href":"https:\/\/www.aspronis.com\/es\/wp-json\/wp\/v2\/tags?post=2564"}],"curies":[{"name":"wp","href":"https:\/\/api.w.org\/{rel}","templated":true}]}}