{"id":3226,"date":"2025-05-29T15:48:35","date_gmt":"2025-05-29T13:48:35","guid":{"rendered":"https:\/\/www.aspronis.com\/participamos-en-el-congreso-de-girona-del-deporte-adaptado-e-inclusivo\/"},"modified":"2025-06-06T14:25:07","modified_gmt":"2025-06-06T12:25:07","slug":"participamos-en-el-congreso-de-girona-del-deporte-adaptado-e-inclusivo","status":"publish","type":"post","link":"https:\/\/www.aspronis.com\/es\/participamos-en-el-congreso-de-girona-del-deporte-adaptado-e-inclusivo\/","title":{"rendered":"Participamos en el Congreso de Girona del Deporte Adaptado e Inclusivo"},"content":{"rendered":"\n<p>Marina G\u00f3mez ha reivindicado que unir a deportistas con discapacidad intelectual y deportistas ordinarios en los mismos equipos y pistas promueve el desarrollo de las capacidades de todas las personas que participan y fomenta la convivencia, la inclusi\u00f3n y la conciencia social. Lo ha hecho en el Congreso de Girona del Deporte Adaptado e Inclusivo, en el que ha sido invitada por su dilatada experiencia en el \u00e1mbito, como presidenta de la Federaci\u00f3n ACELL entre 2017 y 2023, colaboradora de la Federaci\u00f3n desde los primeros Special Olympics en 1992 y responsable del voluntariado en las ediciones de 2006 en Lloret y 2014 en Calella.<\/p>\n\n<p>G\u00f3mez ha puesto en valor el deporte unificado, que permite el acceso a la pr\u00e1ctica deportiva de alto nivel a las personas con discapacidad intelectual, mejora sus habilidades deportivas, pero tambi\u00e9n promueve su autogesti\u00f3n y autodeterminaci\u00f3n, beneficia su bienestar emocional y potencia sus relaciones personales.<\/p>\n\n<p>Su intervenci\u00f3n ha recogido las experiencias de deporte unificado de la Federaci\u00f3n ACELL y de ASPRONIS en vela, f\u00fatbol 7, b\u00e1dminton y baloncesto. Ha recordado tambi\u00e9n el \u00e9xito del 1r Torneo de P\u00e1del Unificado del pasado 2024 en el Club Tenis de Malgrat de Mar, que el pr\u00f3ximo 20 de junio vivir\u00e1 su segunda edici\u00f3n.<\/p>\n\n<p>El Congreso, organizado por la Diputaci\u00f3n de Girona a propuesta de la Mesa del Deporte Adaptado, ha reunido durante dos d\u00edas a m\u00e1s de medio millar de personas, y a m\u00e1s de un centenar de agentes implicados en el ocio deportivo, la salud y la competici\u00f3n como v\u00eda de sensibilizaci\u00f3n y visibilizaci\u00f3n de las personas con discapacidad f\u00edsica o intelectual.<\/p>\n\n<p>En ASPRONIS fomentamos la pr\u00e1ctica deportiva de las personas con discapacidad intelectual en un marco de normalizaci\u00f3n e inclusi\u00f3n social a trav\u00e9s del Club Deportivo El Vilar. Los deportistas participan en competiciones de \u00e1mbito catal\u00e1n y del Estado espa\u00f1ol y tambi\u00e9n en los Special Olympics. Para ello contamos con el apoyo de clubes deportivos del territorio como el Vela Blanes, el Tennis Malgrat o el B\u00e0sque Blanes, que nos acogen en sus filas como secci\u00f3n adaptada de sus Clubs.<\/p>\n","protected":false},"excerpt":{"rendered":"<p>Marina G\u00f3mez ha reivindicado que unir a deportistas con discapacidad intelectual y deportistas ordinarios en los mismos equipos y pistas promueve el desarrollo de las capacidades de todas las personas que participan y fomenta la convivencia, la inclusi\u00f3n y la conciencia social. Lo ha hecho&#8230;<\/p>\n","protected":false},"author":4,"featured_media":3219,"comment_status":"open","ping_status":"open","sticky":false,"template":"","format":"standard","meta":{"footnotes":""},"categories":[69,49],"tags":[226,225],"class_list":["post-3226","post","type-post","status-publish","format-standard","has-post-thumbnail","hentry","category-fundacion","category-ocio-deporte","tag-esportadaptat-es","tag-esportunificat-es"],"yoast_head":"<!-- This site is optimized with the Yoast SEO plugin v26.8 - https:\/\/yoast.com\/product\/yoast-seo-wordpress\/ -->\n<title>Participamos en el Congreso de Girona del Deporte Adaptado e Inclusivo - Aspronis<\/title>\n<meta name=\"robots\" content=\"index, follow, max-snippet:-1, max-image-preview:large, max-video-preview:-1\" \/>\n<link rel=\"canonical\" href=\"https:\/\/www.aspronis.com\/es\/participamos-en-el-congreso-de-girona-del-deporte-adaptado-e-inclusivo\/\" \/>\n<meta property=\"og:locale\" content=\"es_ES\" \/>\n<meta property=\"og:type\" content=\"article\" \/>\n<meta property=\"og:title\" content=\"Participamos en el Congreso de Girona del Deporte Adaptado e Inclusivo - Aspronis\" \/>\n<meta property=\"og:description\" content=\"Marina G\u00f3mez ha reivindicado que unir a deportistas con discapacidad intelectual y deportistas ordinarios en los mismos equipos y pistas promueve el desarrollo de las capacidades de todas las personas que participan y fomenta la convivencia, la inclusi\u00f3n y la conciencia social. Lo ha hecho...\" \/>\n<meta property=\"og:url\" content=\"https:\/\/www.aspronis.com\/es\/participamos-en-el-congreso-de-girona-del-deporte-adaptado-e-inclusivo\/\" \/>\n<meta property=\"og:site_name\" content=\"Aspronis\" \/>\n<meta property=\"article:published_time\" content=\"2025-05-29T13:48:35+00:00\" \/>\n<meta property=\"article:modified_time\" content=\"2025-06-06T12:25:07+00:00\" \/>\n<meta property=\"og:image\" content=\"https:\/\/www.aspronis.com\/wp-content\/uploads\/2025\/06\/Fotos-Web-1.png\" \/>\n\t<meta property=\"og:image:width\" content=\"1100\" \/>\n\t<meta property=\"og:image:height\" content=\"500\" \/>\n\t<meta property=\"og:image:type\" content=\"image\/png\" \/>\n<meta name=\"author\" content=\"lluis\" \/>\n<meta name=\"twitter:card\" content=\"summary_large_image\" \/>\n<meta name=\"twitter:label1\" content=\"Escrito por\" \/>\n\t<meta name=\"twitter:data1\" content=\"lluis\" \/>\n\t<meta name=\"twitter:label2\" content=\"Tiempo de lectura\" \/>\n\t<meta name=\"twitter:data2\" content=\"2 minutos\" \/>\n<script type=\"application\/ld+json\" class=\"yoast-schema-graph\">{\"@context\":\"https:\/\/schema.org\",\"@graph\":[{\"@type\":\"Article\",\"@id\":\"https:\/\/www.aspronis.com\/es\/participamos-en-el-congreso-de-girona-del-deporte-adaptado-e-inclusivo\/#article\",\"isPartOf\":{\"@id\":\"https:\/\/www.aspronis.com\/es\/participamos-en-el-congreso-de-girona-del-deporte-adaptado-e-inclusivo\/\"},\"author\":{\"name\":\"lluis\",\"@id\":\"https:\/\/www.aspronis.com\/es\/#\/schema\/person\/fdba581f9039e5f32fda627c71b23e33\"},\"headline\":\"Participamos en el Congreso de Girona del Deporte Adaptado e Inclusivo\",\"datePublished\":\"2025-05-29T13:48:35+00:00\",\"dateModified\":\"2025-06-06T12:25:07+00:00\",\"mainEntityOfPage\":{\"@id\":\"https:\/\/www.aspronis.com\/es\/participamos-en-el-congreso-de-girona-del-deporte-adaptado-e-inclusivo\/\"},\"wordCount\":381,\"commentCount\":0,\"image\":{\"@id\":\"https:\/\/www.aspronis.com\/es\/participamos-en-el-congreso-de-girona-del-deporte-adaptado-e-inclusivo\/#primaryimage\"},\"thumbnailUrl\":\"https:\/\/www.aspronis.com\/wp-content\/uploads\/2025\/06\/Fotos-Web-1.png\",\"keywords\":[\"EsportAdaptat\",\"EsportUnificat\"],\"articleSection\":[\"FUNDACI\u00d3N\",\"OCIO O DEPORTE\"],\"inLanguage\":\"es\",\"potentialAction\":[{\"@type\":\"CommentAction\",\"name\":\"Comment\",\"target\":[\"https:\/\/www.aspronis.com\/es\/participamos-en-el-congreso-de-girona-del-deporte-adaptado-e-inclusivo\/#respond\"]}]},{\"@type\":\"WebPage\",\"@id\":\"https:\/\/www.aspronis.com\/es\/participamos-en-el-congreso-de-girona-del-deporte-adaptado-e-inclusivo\/\",\"url\":\"https:\/\/www.aspronis.com\/es\/participamos-en-el-congreso-de-girona-del-deporte-adaptado-e-inclusivo\/\",\"name\":\"Participamos en el Congreso de Girona del Deporte Adaptado e Inclusivo - Aspronis\",\"isPartOf\":{\"@id\":\"https:\/\/www.aspronis.com\/es\/#website\"},\"primaryImageOfPage\":{\"@id\":\"https:\/\/www.aspronis.com\/es\/participamos-en-el-congreso-de-girona-del-deporte-adaptado-e-inclusivo\/#primaryimage\"},\"image\":{\"@id\":\"https:\/\/www.aspronis.com\/es\/participamos-en-el-congreso-de-girona-del-deporte-adaptado-e-inclusivo\/#primaryimage\"},\"thumbnailUrl\":\"https:\/\/www.aspronis.com\/wp-content\/uploads\/2025\/06\/Fotos-Web-1.png\",\"datePublished\":\"2025-05-29T13:48:35+00:00\",\"dateModified\":\"2025-06-06T12:25:07+00:00\",\"author\":{\"@id\":\"https:\/\/www.aspronis.com\/es\/#\/schema\/person\/fdba581f9039e5f32fda627c71b23e33\"},\"inLanguage\":\"es\",\"potentialAction\":[{\"@type\":\"ReadAction\",\"target\":[\"https:\/\/www.aspronis.com\/es\/participamos-en-el-congreso-de-girona-del-deporte-adaptado-e-inclusivo\/\"]}]},{\"@type\":\"ImageObject\",\"inLanguage\":\"es\",\"@id\":\"https:\/\/www.aspronis.com\/es\/participamos-en-el-congreso-de-girona-del-deporte-adaptado-e-inclusivo\/#primaryimage\",\"url\":\"https:\/\/www.aspronis.com\/wp-content\/uploads\/2025\/06\/Fotos-Web-1.png\",\"contentUrl\":\"https:\/\/www.aspronis.com\/wp-content\/uploads\/2025\/06\/Fotos-Web-1.png\",\"width\":1100,\"height\":500},{\"@type\":\"WebSite\",\"@id\":\"https:\/\/www.aspronis.com\/es\/#website\",\"url\":\"https:\/\/www.aspronis.com\/es\/\",\"name\":\"Aspronis\",\"description\":\"\",\"potentialAction\":[{\"@type\":\"SearchAction\",\"target\":{\"@type\":\"EntryPoint\",\"urlTemplate\":\"https:\/\/www.aspronis.com\/es\/?s={search_term_string}\"},\"query-input\":{\"@type\":\"PropertyValueSpecification\",\"valueRequired\":true,\"valueName\":\"search_term_string\"}}],\"inLanguage\":\"es\"},{\"@type\":\"Person\",\"@id\":\"https:\/\/www.aspronis.com\/es\/#\/schema\/person\/fdba581f9039e5f32fda627c71b23e33\",\"name\":\"lluis\",\"image\":{\"@type\":\"ImageObject\",\"inLanguage\":\"es\",\"@id\":\"https:\/\/www.aspronis.com\/es\/#\/schema\/person\/image\/\",\"url\":\"https:\/\/secure.gravatar.com\/avatar\/05a05a2ab9e15e6c344e12b29751334f99aeaad6873b77da91c5e1bddbda8634?s=96&d=mm&r=g\",\"contentUrl\":\"https:\/\/secure.gravatar.com\/avatar\/05a05a2ab9e15e6c344e12b29751334f99aeaad6873b77da91c5e1bddbda8634?s=96&d=mm&r=g\",\"caption\":\"lluis\"},\"url\":\"https:\/\/www.aspronis.com\/es\/author\/lluis\/\"}]}<\/script>\n<!-- \/ Yoast SEO plugin. -->","yoast_head_json":{"title":"Participamos en el Congreso de Girona del Deporte Adaptado e Inclusivo - Aspronis","robots":{"index":"index","follow":"follow","max-snippet":"max-snippet:-1","max-image-preview":"max-image-preview:large","max-video-preview":"max-video-preview:-1"},"canonical":"https:\/\/www.aspronis.com\/es\/participamos-en-el-congreso-de-girona-del-deporte-adaptado-e-inclusivo\/","og_locale":"es_ES","og_type":"article","og_title":"Participamos en el Congreso de Girona del Deporte Adaptado e Inclusivo - Aspronis","og_description":"Marina G\u00f3mez ha reivindicado que unir a deportistas con discapacidad intelectual y deportistas ordinarios en los mismos equipos y pistas promueve el desarrollo de las capacidades de todas las personas que participan y fomenta la convivencia, la inclusi\u00f3n y la conciencia social. Lo ha hecho...","og_url":"https:\/\/www.aspronis.com\/es\/participamos-en-el-congreso-de-girona-del-deporte-adaptado-e-inclusivo\/","og_site_name":"Aspronis","article_published_time":"2025-05-29T13:48:35+00:00","article_modified_time":"2025-06-06T12:25:07+00:00","og_image":[{"width":1100,"height":500,"url":"https:\/\/www.aspronis.com\/wp-content\/uploads\/2025\/06\/Fotos-Web-1.png","type":"image\/png"}],"author":"lluis","twitter_card":"summary_large_image","twitter_misc":{"Escrito por":"lluis","Tiempo de lectura":"2 minutos"},"schema":{"@context":"https:\/\/schema.org","@graph":[{"@type":"Article","@id":"https:\/\/www.aspronis.com\/es\/participamos-en-el-congreso-de-girona-del-deporte-adaptado-e-inclusivo\/#article","isPartOf":{"@id":"https:\/\/www.aspronis.com\/es\/participamos-en-el-congreso-de-girona-del-deporte-adaptado-e-inclusivo\/"},"author":{"name":"lluis","@id":"https:\/\/www.aspronis.com\/es\/#\/schema\/person\/fdba581f9039e5f32fda627c71b23e33"},"headline":"Participamos en el Congreso de Girona del Deporte Adaptado e Inclusivo","datePublished":"2025-05-29T13:48:35+00:00","dateModified":"2025-06-06T12:25:07+00:00","mainEntityOfPage":{"@id":"https:\/\/www.aspronis.com\/es\/participamos-en-el-congreso-de-girona-del-deporte-adaptado-e-inclusivo\/"},"wordCount":381,"commentCount":0,"image":{"@id":"https:\/\/www.aspronis.com\/es\/participamos-en-el-congreso-de-girona-del-deporte-adaptado-e-inclusivo\/#primaryimage"},"thumbnailUrl":"https:\/\/www.aspronis.com\/wp-content\/uploads\/2025\/06\/Fotos-Web-1.png","keywords":["EsportAdaptat","EsportUnificat"],"articleSection":["FUNDACI\u00d3N","OCIO O DEPORTE"],"inLanguage":"es","potentialAction":[{"@type":"CommentAction","name":"Comment","target":["https:\/\/www.aspronis.com\/es\/participamos-en-el-congreso-de-girona-del-deporte-adaptado-e-inclusivo\/#respond"]}]},{"@type":"WebPage","@id":"https:\/\/www.aspronis.com\/es\/participamos-en-el-congreso-de-girona-del-deporte-adaptado-e-inclusivo\/","url":"https:\/\/www.aspronis.com\/es\/participamos-en-el-congreso-de-girona-del-deporte-adaptado-e-inclusivo\/","name":"Participamos en el Congreso de Girona del Deporte Adaptado e Inclusivo - Aspronis","isPartOf":{"@id":"https:\/\/www.aspronis.com\/es\/#website"},"primaryImageOfPage":{"@id":"https:\/\/www.aspronis.com\/es\/participamos-en-el-congreso-de-girona-del-deporte-adaptado-e-inclusivo\/#primaryimage"},"image":{"@id":"https:\/\/www.aspronis.com\/es\/participamos-en-el-congreso-de-girona-del-deporte-adaptado-e-inclusivo\/#primaryimage"},"thumbnailUrl":"https:\/\/www.aspronis.com\/wp-content\/uploads\/2025\/06\/Fotos-Web-1.png","datePublished":"2025-05-29T13:48:35+00:00","dateModified":"2025-06-06T12:25:07+00:00","author":{"@id":"https:\/\/www.aspronis.com\/es\/#\/schema\/person\/fdba581f9039e5f32fda627c71b23e33"},"inLanguage":"es","potentialAction":[{"@type":"ReadAction","target":["https:\/\/www.aspronis.com\/es\/participamos-en-el-congreso-de-girona-del-deporte-adaptado-e-inclusivo\/"]}]},{"@type":"ImageObject","inLanguage":"es","@id":"https:\/\/www.aspronis.com\/es\/participamos-en-el-congreso-de-girona-del-deporte-adaptado-e-inclusivo\/#primaryimage","url":"https:\/\/www.aspronis.com\/wp-content\/uploads\/2025\/06\/Fotos-Web-1.png","contentUrl":"https:\/\/www.aspronis.com\/wp-content\/uploads\/2025\/06\/Fotos-Web-1.png","width":1100,"height":500},{"@type":"WebSite","@id":"https:\/\/www.aspronis.com\/es\/#website","url":"https:\/\/www.aspronis.com\/es\/","name":"Aspronis","description":"","potentialAction":[{"@type":"SearchAction","target":{"@type":"EntryPoint","urlTemplate":"https:\/\/www.aspronis.com\/es\/?s={search_term_string}"},"query-input":{"@type":"PropertyValueSpecification","valueRequired":true,"valueName":"search_term_string"}}],"inLanguage":"es"},{"@type":"Person","@id":"https:\/\/www.aspronis.com\/es\/#\/schema\/person\/fdba581f9039e5f32fda627c71b23e33","name":"lluis","image":{"@type":"ImageObject","inLanguage":"es","@id":"https:\/\/www.aspronis.com\/es\/#\/schema\/person\/image\/","url":"https:\/\/secure.gravatar.com\/avatar\/05a05a2ab9e15e6c344e12b29751334f99aeaad6873b77da91c5e1bddbda8634?s=96&d=mm&r=g","contentUrl":"https:\/\/secure.gravatar.com\/avatar\/05a05a2ab9e15e6c344e12b29751334f99aeaad6873b77da91c5e1bddbda8634?s=96&d=mm&r=g","caption":"lluis"},"url":"https:\/\/www.aspronis.com\/es\/author\/lluis\/"}]}},"_links":{"self":[{"href":"https:\/\/www.aspronis.com\/es\/wp-json\/wp\/v2\/posts\/3226","targetHints":{"allow":["GET"]}}],"collection":[{"href":"https:\/\/www.aspronis.com\/es\/wp-json\/wp\/v2\/posts"}],"about":[{"href":"https:\/\/www.aspronis.com\/es\/wp-json\/wp\/v2\/types\/post"}],"author":[{"embeddable":true,"href":"https:\/\/www.aspronis.com\/es\/wp-json\/wp\/v2\/users\/4"}],"replies":[{"embeddable":true,"href":"https:\/\/www.aspronis.com\/es\/wp-json\/wp\/v2\/comments?post=3226"}],"version-history":[{"count":1,"href":"https:\/\/www.aspronis.com\/es\/wp-json\/wp\/v2\/posts\/3226\/revisions"}],"predecessor-version":[{"id":3227,"href":"https:\/\/www.aspronis.com\/es\/wp-json\/wp\/v2\/posts\/3226\/revisions\/3227"}],"wp:featuredmedia":[{"embeddable":true,"href":"https:\/\/www.aspronis.com\/es\/wp-json\/wp\/v2\/media\/3219"}],"wp:attachment":[{"href":"https:\/\/www.aspronis.com\/es\/wp-json\/wp\/v2\/media?parent=3226"}],"wp:term":[{"taxonomy":"category","embeddable":true,"href":"https:\/\/www.aspronis.com\/es\/wp-json\/wp\/v2\/categories?post=3226"},{"taxonomy":"post_tag","embeddable":true,"href":"https:\/\/www.aspronis.com\/es\/wp-json\/wp\/v2\/tags?post=3226"}],"curies":[{"name":"wp","href":"https:\/\/api.w.org\/{rel}","templated":true}]}}