{"id":4116,"date":"2026-09-04T14:01:26","date_gmt":"2026-09-04T12:01:26","guid":{"rendered":"https:\/\/www.aspronis.com\/aspronis-pone-en-marcha-un-protocolo-de-calor-con-pulseras-termicas-para-los-equipos-de-jardineria-y-servicios-externos\/"},"modified":"2026-09-04T14:04:57","modified_gmt":"2026-09-04T12:04:57","slug":"aspronis-pone-en-marcha-un-protocolo-de-calor-con-pulseras-termicas-para-los-equipos-de-jardineria-y-servicios-externos","status":"publish","type":"post","link":"https:\/\/www.aspronis.com\/es\/aspronis-pone-en-marcha-un-protocolo-de-calor-con-pulseras-termicas-para-los-equipos-de-jardineria-y-servicios-externos\/","title":{"rendered":"ASPRONIS pone en marcha un protocolo de calor con pulseras t\u00e9rmicas para los equipos de jardiner\u00eda y servicios externos"},"content":{"rendered":"\n<p class=\"wp-block-paragraph\">La Fundaci\u00f3n ASPRONIS ha adquirido pulseras t\u00e9rmicas este verano y ha puesto en marcha un protocolo para proteger de las altas temperaturas a los jardineros y trabajadores de servicios externos.<\/p>\n\n<p class=\"wp-block-paragraph\">Las nuevas pulseras t\u00e9rmicas activan una se\u00f1al naranja si la temperatura ambiente supera los 42 grados y una se\u00f1al roja si la temperatura corporal supera los 37,8 grados. En caso de que esta se\u00f1al se active o que un trabajador muestre s\u00edntomas de golpe de calor, debe detener su trabajo, protegerse en un lugar fresco y beber agua agua.<\/p>\n\n<p class=\"wp-block-paragraph\">Adem\u00e1s, ASPRONIS ha adelantado el horario durante el verano, con jornadas desde las 6 a las 13:30h para evitar las horas de m\u00e1ximo calor. Desde las 10h de la ma\u00f1ana, los encargados de cada grupo realizan seguimiento del tiempo en la central meteorol\u00f3gica de la nave de servicios externos y si hay alguna situaci\u00f3n de peligro alertan a los trabajadores y les trasladan las medidas pertinentes.<\/p>\n\n<figure class=\"wp-block-video\"><video height=\"1080\" style=\"aspect-ratio: 1920 \/ 1080;\" width=\"1920\" controls=\"\" src=\"https:\/\/www.aspronis.com\/wp-content\/uploads\/2026\/09\/Video-jardineria-v2.mp4\"><\/video><\/figure>\n","protected":false},"excerpt":{"rendered":"<p>La Fundaci\u00f3n ASPRONIS ha adquirido pulseras t\u00e9rmicas este verano y ha puesto en marcha un protocolo para proteger de las altas temperaturas a los jardineros y trabajadores de servicios externos. Las nuevas pulseras t\u00e9rmicas activan una se\u00f1al naranja si la temperatura ambiente supera los 42&#8230;<\/p>\n","protected":false},"author":4,"featured_media":4114,"comment_status":"open","ping_status":"open","sticky":false,"template":"","format":"standard","meta":{"_acf_changed":false,"footnotes":""},"categories":[233],"tags":[344,94,345],"class_list":["post-4116","post","type-post","status-publish","format-standard","has-post-thumbnail","hentry","category-aspronis","tag-calor","tag-insercion-laboral","tag-riesgos-laborales"],"acf":[],"_links":{"self":[{"href":"https:\/\/www.aspronis.com\/es\/wp-json\/wp\/v2\/posts\/4116","targetHints":{"allow":["GET"]}}],"collection":[{"href":"https:\/\/www.aspronis.com\/es\/wp-json\/wp\/v2\/posts"}],"about":[{"href":"https:\/\/www.aspronis.com\/es\/wp-json\/wp\/v2\/types\/post"}],"author":[{"embeddable":true,"href":"https:\/\/www.aspronis.com\/es\/wp-json\/wp\/v2\/users\/4"}],"replies":[{"embeddable":true,"href":"https:\/\/www.aspronis.com\/es\/wp-json\/wp\/v2\/comments?post=4116"}],"version-history":[{"count":1,"href":"https:\/\/www.aspronis.com\/es\/wp-json\/wp\/v2\/posts\/4116\/revisions"}],"predecessor-version":[{"id":4117,"href":"https:\/\/www.aspronis.com\/es\/wp-json\/wp\/v2\/posts\/4116\/revisions\/4117"}],"wp:featuredmedia":[{"embeddable":true,"href":"https:\/\/www.aspronis.com\/es\/wp-json\/wp\/v2\/media\/4114"}],"wp:attachment":[{"href":"https:\/\/www.aspronis.com\/es\/wp-json\/wp\/v2\/media?parent=4116"}],"wp:term":[{"taxonomy":"category","embeddable":true,"href":"https:\/\/www.aspronis.com\/es\/wp-json\/wp\/v2\/categories?post=4116"},{"taxonomy":"post_tag","embeddable":true,"href":"https:\/\/www.aspronis.com\/es\/wp-json\/wp\/v2\/tags?post=4116"}],"curies":[{"name":"wp","href":"https:\/\/api.w.org\/{rel}","templated":true}]}}